{"id":603,"date":"2026-03-16T18:11:18","date_gmt":"2026-03-16T18:11:18","guid":{"rendered":"https:\/\/irenedelgado.com\/web\/?p=603"},"modified":"2026-03-16T18:15:58","modified_gmt":"2026-03-16T18:15:58","slug":"irene-de-delgado-destaca-el-poder-de-la-literatura-infantil-para-fortalecer-la-identidad-y-la-formacion-de-los-ninos","status":"publish","type":"post","link":"https:\/\/irenedelgado.com\/web\/novedades\/irene-de-delgado-destaca-el-poder-de-la-literatura-infantil-para-fortalecer-la-identidad-y-la-formacion-de-los-ninos\/","title":{"rendered":"Irene De Delgado destaca el poder de la literatura infantil para fortalecer la identidad y la formaci\u00f3n de los ni\u00f1os"},"content":{"rendered":"<div class=\"wp-block-image\">\n<figure class=\"aligncenter size-full is-resized\"><img loading=\"lazy\" decoding=\"async\" width=\"584\" height=\"572\" src=\"https:\/\/irenedelgado.com\/web\/wp-content\/uploads\/2026\/03\/irene-delgado.png\" alt=\"Irene Delgado\" class=\"wp-image-604\" style=\"aspect-ratio:1.0210232558139536;width:425px;height:auto\" srcset=\"https:\/\/irenedelgado.com\/web\/wp-content\/uploads\/2026\/03\/irene-delgado.png 584w, https:\/\/irenedelgado.com\/web\/wp-content\/uploads\/2026\/03\/irene-delgado-300x294.png 300w\" sizes=\"auto, (max-width: 584px) 100vw, 584px\" \/><\/figure>\n<\/div>\n\n\n<p><\/p>\n\n\n\n<p>La escritora y promotora cultural paname\u00f1a Irene De Delgado, miembro de la Academia Paname\u00f1a de Literatura Infantil y Juvenil, reflexiona sobre el crecimiento de la literatura infantil en Panam\u00e1 y su impacto en la formaci\u00f3n de las nuevas generaciones. A trav\u00e9s de iniciativas como la Fundaci\u00f3n La Providencia y los \u201cRincones de Lectura\u201d, ha impulsado el acceso a libros en comunidades apartadas y promovido obras que reflejan la diversidad cultural del pa\u00eds, especialmente las tradiciones afrodescendientes e ind\u00edgenas.<\/p>\n\n\n\n<p>En la entrevista, Delgado destaca el papel fundamental de la lectura en la construcci\u00f3n de la identidad desde la infancia. Se\u00f1ala que una literatura bien seleccionada no solo estimula la imaginaci\u00f3n, sino que tambi\u00e9n ayuda a los ni\u00f1os a comprender su entorno, fortalecer su autoestima y desarrollar sensibilidad hacia el mundo. Asimismo, subraya la importancia de espacios de encuentro entre autores, editores y promotores de lectura para impulsar la literatura infantil en Centroam\u00e9rica, as\u00ed como los desaf\u00edos actuales que enfrentan los creadores ante los altos costos de publicaci\u00f3n y la competencia de las redes sociales.<\/p>\n\n\n\n<p><strong>Leer la entrevista completa:<\/strong><\/p>\n\n\n\n<p><a href=\"https:\/\/lpninos.org\/2025\/06\/19\/irene-de-delgado-fortalecer-la-identidad-del-nino-es-prepararlo-para-aceptarse-y-aceptar-el-mundo-esto-lo-logra-una-buena-literatura\/\" target=\"_blank\" rel=\"noreferrer noopener nofollow\">Irene De Delgado destaca la importancia de la literatura infantil para fortalecer la identidad de los ni\u00f1os<\/a><\/p>\n","protected":false},"excerpt":{"rendered":"<p>La escritora y promotora cultural paname\u00f1a Irene De Delgado, miembro de la Academia Paname\u00f1a de Literatura Infantil y Juvenil, reflexiona sobre el crecimiento de la literatura infantil en Panam\u00e1 y su impacto en la formaci\u00f3n de las nuevas generaciones. A trav\u00e9s de iniciativas como la Fundaci\u00f3n La Providencia y los \u201cRincones de Lectura\u201d, ha impulsado [&hellip;]<\/p>\n","protected":false},"author":1,"featured_media":604,"comment_status":"closed","ping_status":"closed","sticky":false,"template":"","format":"standard","meta":{"_acf_changed":false,"footnotes":""},"categories":[4],"tags":[],"class_list":["post-603","post","type-post","status-publish","format-standard","has-post-thumbnail","hentry","category-novedades"],"acf":[],"yoast_head":"<!-- This site is optimized with the Yoast SEO plugin v27.1.1 - https:\/\/yoast.com\/product\/yoast-seo-wordpress\/ -->\n<title>Irene De Delgado destaca la importancia de la literatura infantil<\/title>\n<meta name=\"description\" content=\"La escritora paname\u00f1a Irene De Delgado reflexiona sobre el crecimiento de la literatura infantil en Panam\u00e1 y su papel en la formaci\u00f3n, identidad y desarrollo emocional de ni\u00f1os y j\u00f3venes.\" \/>\n<meta name=\"robots\" content=\"index, follow, max-snippet:-1, max-image-preview:large, max-video-preview:-1\" \/>\n<link rel=\"canonical\" href=\"https:\/\/irenedelgado.com\/web\/novedades\/irene-de-delgado-destaca-el-poder-de-la-literatura-infantil-para-fortalecer-la-identidad-y-la-formacion-de-los-ninos\/\" \/>\n<meta property=\"og:locale\" content=\"es_ES\" \/>\n<meta property=\"og:type\" content=\"article\" \/>\n<meta property=\"og:title\" content=\"Irene De Delgado destaca la importancia de la literatura infantil\" \/>\n<meta property=\"og:description\" content=\"La escritora paname\u00f1a Irene De Delgado reflexiona sobre el crecimiento de la literatura infantil en Panam\u00e1 y su papel en la formaci\u00f3n, identidad y desarrollo emocional de ni\u00f1os y j\u00f3venes.\" \/>\n<meta property=\"og:url\" content=\"https:\/\/irenedelgado.com\/web\/novedades\/irene-de-delgado-destaca-el-poder-de-la-literatura-infantil-para-fortalecer-la-identidad-y-la-formacion-de-los-ninos\/\" \/>\n<meta property=\"og:site_name\" content=\"Irene Delgado\" \/>\n<meta property=\"article:published_time\" content=\"2026-03-16T18:11:18+00:00\" \/>\n<meta property=\"article:modified_time\" content=\"2026-03-16T18:15:58+00:00\" \/>\n<meta property=\"og:image\" content=\"https:\/\/irenedelgado.com\/web\/wp-content\/uploads\/2026\/03\/irene-delgado.png\" \/>\n\t<meta property=\"og:image:width\" content=\"584\" \/>\n\t<meta property=\"og:image:height\" content=\"572\" \/>\n\t<meta property=\"og:image:type\" content=\"image\/png\" \/>\n<meta name=\"author\" content=\"edesign\" \/>\n<meta name=\"twitter:card\" content=\"summary_large_image\" \/>\n<meta name=\"twitter:label1\" content=\"Escrito por\" \/>\n\t<meta name=\"twitter:data1\" content=\"edesign\" \/>\n\t<meta name=\"twitter:label2\" content=\"Tiempo de lectura\" \/>\n\t<meta name=\"twitter:data2\" content=\"2 minutos\" \/>\n<script type=\"application\/ld+json\" class=\"yoast-schema-graph\">{\"@context\":\"https:\/\/schema.org\",\"@graph\":[{\"@type\":\"Article\",\"@id\":\"https:\/\/irenedelgado.com\/web\/novedades\/irene-de-delgado-destaca-el-poder-de-la-literatura-infantil-para-fortalecer-la-identidad-y-la-formacion-de-los-ninos\/#article\",\"isPartOf\":{\"@id\":\"https:\/\/irenedelgado.com\/web\/novedades\/irene-de-delgado-destaca-el-poder-de-la-literatura-infantil-para-fortalecer-la-identidad-y-la-formacion-de-los-ninos\/\"},\"author\":{\"name\":\"edesign\",\"@id\":\"https:\/\/irenedelgado.com\/web\/#\/schema\/person\/f93871ba2e1037c25b94a92895146fe7\"},\"headline\":\"Irene De Delgado destaca el poder de la literatura infantil para fortalecer la identidad y la formaci\u00f3n de los ni\u00f1os\",\"datePublished\":\"2026-03-16T18:11:18+00:00\",\"dateModified\":\"2026-03-16T18:15:58+00:00\",\"mainEntityOfPage\":{\"@id\":\"https:\/\/irenedelgado.com\/web\/novedades\/irene-de-delgado-destaca-el-poder-de-la-literatura-infantil-para-fortalecer-la-identidad-y-la-formacion-de-los-ninos\/\"},\"wordCount\":232,\"image\":{\"@id\":\"https:\/\/irenedelgado.com\/web\/novedades\/irene-de-delgado-destaca-el-poder-de-la-literatura-infantil-para-fortalecer-la-identidad-y-la-formacion-de-los-ninos\/#primaryimage\"},\"thumbnailUrl\":\"https:\/\/irenedelgado.com\/web\/wp-content\/uploads\/2026\/03\/irene-delgado.png\",\"articleSection\":[\"Novedades\"],\"inLanguage\":\"es\"},{\"@type\":\"WebPage\",\"@id\":\"https:\/\/irenedelgado.com\/web\/novedades\/irene-de-delgado-destaca-el-poder-de-la-literatura-infantil-para-fortalecer-la-identidad-y-la-formacion-de-los-ninos\/\",\"url\":\"https:\/\/irenedelgado.com\/web\/novedades\/irene-de-delgado-destaca-el-poder-de-la-literatura-infantil-para-fortalecer-la-identidad-y-la-formacion-de-los-ninos\/\",\"name\":\"Irene De Delgado destaca la importancia de la literatura infantil\",\"isPartOf\":{\"@id\":\"https:\/\/irenedelgado.com\/web\/#website\"},\"primaryImageOfPage\":{\"@id\":\"https:\/\/irenedelgado.com\/web\/novedades\/irene-de-delgado-destaca-el-poder-de-la-literatura-infantil-para-fortalecer-la-identidad-y-la-formacion-de-los-ninos\/#primaryimage\"},\"image\":{\"@id\":\"https:\/\/irenedelgado.com\/web\/novedades\/irene-de-delgado-destaca-el-poder-de-la-literatura-infantil-para-fortalecer-la-identidad-y-la-formacion-de-los-ninos\/#primaryimage\"},\"thumbnailUrl\":\"https:\/\/irenedelgado.com\/web\/wp-content\/uploads\/2026\/03\/irene-delgado.png\",\"datePublished\":\"2026-03-16T18:11:18+00:00\",\"dateModified\":\"2026-03-16T18:15:58+00:00\",\"author\":{\"@id\":\"https:\/\/irenedelgado.com\/web\/#\/schema\/person\/f93871ba2e1037c25b94a92895146fe7\"},\"description\":\"La escritora paname\u00f1a Irene De Delgado reflexiona sobre el crecimiento de la literatura infantil en Panam\u00e1 y su papel en la formaci\u00f3n, identidad y desarrollo emocional de ni\u00f1os y j\u00f3venes.\",\"breadcrumb\":{\"@id\":\"https:\/\/irenedelgado.com\/web\/novedades\/irene-de-delgado-destaca-el-poder-de-la-literatura-infantil-para-fortalecer-la-identidad-y-la-formacion-de-los-ninos\/#breadcrumb\"},\"inLanguage\":\"es\",\"potentialAction\":[{\"@type\":\"ReadAction\",\"target\":[\"https:\/\/irenedelgado.com\/web\/novedades\/irene-de-delgado-destaca-el-poder-de-la-literatura-infantil-para-fortalecer-la-identidad-y-la-formacion-de-los-ninos\/\"]}]},{\"@type\":\"ImageObject\",\"inLanguage\":\"es\",\"@id\":\"https:\/\/irenedelgado.com\/web\/novedades\/irene-de-delgado-destaca-el-poder-de-la-literatura-infantil-para-fortalecer-la-identidad-y-la-formacion-de-los-ninos\/#primaryimage\",\"url\":\"https:\/\/irenedelgado.com\/web\/wp-content\/uploads\/2026\/03\/irene-delgado.png\",\"contentUrl\":\"https:\/\/irenedelgado.com\/web\/wp-content\/uploads\/2026\/03\/irene-delgado.png\",\"width\":584,\"height\":572,\"caption\":\"Irene Delgado\"},{\"@type\":\"BreadcrumbList\",\"@id\":\"https:\/\/irenedelgado.com\/web\/novedades\/irene-de-delgado-destaca-el-poder-de-la-literatura-infantil-para-fortalecer-la-identidad-y-la-formacion-de-los-ninos\/#breadcrumb\",\"itemListElement\":[{\"@type\":\"ListItem\",\"position\":1,\"name\":\"Portada\",\"item\":\"https:\/\/irenedelgado.com\/web\/\"},{\"@type\":\"ListItem\",\"position\":2,\"name\":\"Irene De Delgado destaca el poder de la literatura infantil para fortalecer la identidad y la formaci\u00f3n de los ni\u00f1os\"}]},{\"@type\":\"WebSite\",\"@id\":\"https:\/\/irenedelgado.com\/web\/#website\",\"url\":\"https:\/\/irenedelgado.com\/web\/\",\"name\":\"Irene Delgado\",\"description\":\"\",\"potentialAction\":[{\"@type\":\"SearchAction\",\"target\":{\"@type\":\"EntryPoint\",\"urlTemplate\":\"https:\/\/irenedelgado.com\/web\/?s={search_term_string}\"},\"query-input\":{\"@type\":\"PropertyValueSpecification\",\"valueRequired\":true,\"valueName\":\"search_term_string\"}}],\"inLanguage\":\"es\"},{\"@type\":\"Person\",\"@id\":\"https:\/\/irenedelgado.com\/web\/#\/schema\/person\/f93871ba2e1037c25b94a92895146fe7\",\"name\":\"edesign\",\"image\":{\"@type\":\"ImageObject\",\"inLanguage\":\"es\",\"@id\":\"https:\/\/irenedelgado.com\/web\/#\/schema\/person\/image\/\",\"url\":\"https:\/\/secure.gravatar.com\/avatar\/7eca3574dbc5d8ebff55ee95f1c44853ebba4a8afb2995a7c8d7d28199ccbdbe?s=96&d=mm&r=g\",\"contentUrl\":\"https:\/\/secure.gravatar.com\/avatar\/7eca3574dbc5d8ebff55ee95f1c44853ebba4a8afb2995a7c8d7d28199ccbdbe?s=96&d=mm&r=g\",\"caption\":\"edesign\"}}]}<\/script>\n<!-- \/ Yoast SEO plugin. -->","yoast_head_json":{"title":"Irene De Delgado destaca la importancia de la literatura infantil","description":"La escritora paname\u00f1a Irene De Delgado reflexiona sobre el crecimiento de la literatura infantil en Panam\u00e1 y su papel en la formaci\u00f3n, identidad y desarrollo emocional de ni\u00f1os y j\u00f3venes.","robots":{"index":"index","follow":"follow","max-snippet":"max-snippet:-1","max-image-preview":"max-image-preview:large","max-video-preview":"max-video-preview:-1"},"canonical":"https:\/\/irenedelgado.com\/web\/novedades\/irene-de-delgado-destaca-el-poder-de-la-literatura-infantil-para-fortalecer-la-identidad-y-la-formacion-de-los-ninos\/","og_locale":"es_ES","og_type":"article","og_title":"Irene De Delgado destaca la importancia de la literatura infantil","og_description":"La escritora paname\u00f1a Irene De Delgado reflexiona sobre el crecimiento de la literatura infantil en Panam\u00e1 y su papel en la formaci\u00f3n, identidad y desarrollo emocional de ni\u00f1os y j\u00f3venes.","og_url":"https:\/\/irenedelgado.com\/web\/novedades\/irene-de-delgado-destaca-el-poder-de-la-literatura-infantil-para-fortalecer-la-identidad-y-la-formacion-de-los-ninos\/","og_site_name":"Irene Delgado","article_published_time":"2026-03-16T18:11:18+00:00","article_modified_time":"2026-03-16T18:15:58+00:00","og_image":[{"width":584,"height":572,"url":"https:\/\/irenedelgado.com\/web\/wp-content\/uploads\/2026\/03\/irene-delgado.png","type":"image\/png"}],"author":"edesign","twitter_card":"summary_large_image","twitter_misc":{"Escrito por":"edesign","Tiempo de lectura":"2 minutos"},"schema":{"@context":"https:\/\/schema.org","@graph":[{"@type":"Article","@id":"https:\/\/irenedelgado.com\/web\/novedades\/irene-de-delgado-destaca-el-poder-de-la-literatura-infantil-para-fortalecer-la-identidad-y-la-formacion-de-los-ninos\/#article","isPartOf":{"@id":"https:\/\/irenedelgado.com\/web\/novedades\/irene-de-delgado-destaca-el-poder-de-la-literatura-infantil-para-fortalecer-la-identidad-y-la-formacion-de-los-ninos\/"},"author":{"name":"edesign","@id":"https:\/\/irenedelgado.com\/web\/#\/schema\/person\/f93871ba2e1037c25b94a92895146fe7"},"headline":"Irene De Delgado destaca el poder de la literatura infantil para fortalecer la identidad y la formaci\u00f3n de los ni\u00f1os","datePublished":"2026-03-16T18:11:18+00:00","dateModified":"2026-03-16T18:15:58+00:00","mainEntityOfPage":{"@id":"https:\/\/irenedelgado.com\/web\/novedades\/irene-de-delgado-destaca-el-poder-de-la-literatura-infantil-para-fortalecer-la-identidad-y-la-formacion-de-los-ninos\/"},"wordCount":232,"image":{"@id":"https:\/\/irenedelgado.com\/web\/novedades\/irene-de-delgado-destaca-el-poder-de-la-literatura-infantil-para-fortalecer-la-identidad-y-la-formacion-de-los-ninos\/#primaryimage"},"thumbnailUrl":"https:\/\/irenedelgado.com\/web\/wp-content\/uploads\/2026\/03\/irene-delgado.png","articleSection":["Novedades"],"inLanguage":"es"},{"@type":"WebPage","@id":"https:\/\/irenedelgado.com\/web\/novedades\/irene-de-delgado-destaca-el-poder-de-la-literatura-infantil-para-fortalecer-la-identidad-y-la-formacion-de-los-ninos\/","url":"https:\/\/irenedelgado.com\/web\/novedades\/irene-de-delgado-destaca-el-poder-de-la-literatura-infantil-para-fortalecer-la-identidad-y-la-formacion-de-los-ninos\/","name":"Irene De Delgado destaca la importancia de la literatura infantil","isPartOf":{"@id":"https:\/\/irenedelgado.com\/web\/#website"},"primaryImageOfPage":{"@id":"https:\/\/irenedelgado.com\/web\/novedades\/irene-de-delgado-destaca-el-poder-de-la-literatura-infantil-para-fortalecer-la-identidad-y-la-formacion-de-los-ninos\/#primaryimage"},"image":{"@id":"https:\/\/irenedelgado.com\/web\/novedades\/irene-de-delgado-destaca-el-poder-de-la-literatura-infantil-para-fortalecer-la-identidad-y-la-formacion-de-los-ninos\/#primaryimage"},"thumbnailUrl":"https:\/\/irenedelgado.com\/web\/wp-content\/uploads\/2026\/03\/irene-delgado.png","datePublished":"2026-03-16T18:11:18+00:00","dateModified":"2026-03-16T18:15:58+00:00","author":{"@id":"https:\/\/irenedelgado.com\/web\/#\/schema\/person\/f93871ba2e1037c25b94a92895146fe7"},"description":"La escritora paname\u00f1a Irene De Delgado reflexiona sobre el crecimiento de la literatura infantil en Panam\u00e1 y su papel en la formaci\u00f3n, identidad y desarrollo emocional de ni\u00f1os y j\u00f3venes.","breadcrumb":{"@id":"https:\/\/irenedelgado.com\/web\/novedades\/irene-de-delgado-destaca-el-poder-de-la-literatura-infantil-para-fortalecer-la-identidad-y-la-formacion-de-los-ninos\/#breadcrumb"},"inLanguage":"es","potentialAction":[{"@type":"ReadAction","target":["https:\/\/irenedelgado.com\/web\/novedades\/irene-de-delgado-destaca-el-poder-de-la-literatura-infantil-para-fortalecer-la-identidad-y-la-formacion-de-los-ninos\/"]}]},{"@type":"ImageObject","inLanguage":"es","@id":"https:\/\/irenedelgado.com\/web\/novedades\/irene-de-delgado-destaca-el-poder-de-la-literatura-infantil-para-fortalecer-la-identidad-y-la-formacion-de-los-ninos\/#primaryimage","url":"https:\/\/irenedelgado.com\/web\/wp-content\/uploads\/2026\/03\/irene-delgado.png","contentUrl":"https:\/\/irenedelgado.com\/web\/wp-content\/uploads\/2026\/03\/irene-delgado.png","width":584,"height":572,"caption":"Irene Delgado"},{"@type":"BreadcrumbList","@id":"https:\/\/irenedelgado.com\/web\/novedades\/irene-de-delgado-destaca-el-poder-de-la-literatura-infantil-para-fortalecer-la-identidad-y-la-formacion-de-los-ninos\/#breadcrumb","itemListElement":[{"@type":"ListItem","position":1,"name":"Portada","item":"https:\/\/irenedelgado.com\/web\/"},{"@type":"ListItem","position":2,"name":"Irene De Delgado destaca el poder de la literatura infantil para fortalecer la identidad y la formaci\u00f3n de los ni\u00f1os"}]},{"@type":"WebSite","@id":"https:\/\/irenedelgado.com\/web\/#website","url":"https:\/\/irenedelgado.com\/web\/","name":"Irene Delgado","description":"","potentialAction":[{"@type":"SearchAction","target":{"@type":"EntryPoint","urlTemplate":"https:\/\/irenedelgado.com\/web\/?s={search_term_string}"},"query-input":{"@type":"PropertyValueSpecification","valueRequired":true,"valueName":"search_term_string"}}],"inLanguage":"es"},{"@type":"Person","@id":"https:\/\/irenedelgado.com\/web\/#\/schema\/person\/f93871ba2e1037c25b94a92895146fe7","name":"edesign","image":{"@type":"ImageObject","inLanguage":"es","@id":"https:\/\/irenedelgado.com\/web\/#\/schema\/person\/image\/","url":"https:\/\/secure.gravatar.com\/avatar\/7eca3574dbc5d8ebff55ee95f1c44853ebba4a8afb2995a7c8d7d28199ccbdbe?s=96&d=mm&r=g","contentUrl":"https:\/\/secure.gravatar.com\/avatar\/7eca3574dbc5d8ebff55ee95f1c44853ebba4a8afb2995a7c8d7d28199ccbdbe?s=96&d=mm&r=g","caption":"edesign"}}]}},"_links":{"self":[{"href":"https:\/\/irenedelgado.com\/web\/wp-json\/wp\/v2\/posts\/603","targetHints":{"allow":["GET"]}}],"collection":[{"href":"https:\/\/irenedelgado.com\/web\/wp-json\/wp\/v2\/posts"}],"about":[{"href":"https:\/\/irenedelgado.com\/web\/wp-json\/wp\/v2\/types\/post"}],"author":[{"embeddable":true,"href":"https:\/\/irenedelgado.com\/web\/wp-json\/wp\/v2\/users\/1"}],"replies":[{"embeddable":true,"href":"https:\/\/irenedelgado.com\/web\/wp-json\/wp\/v2\/comments?post=603"}],"version-history":[{"count":4,"href":"https:\/\/irenedelgado.com\/web\/wp-json\/wp\/v2\/posts\/603\/revisions"}],"predecessor-version":[{"id":609,"href":"https:\/\/irenedelgado.com\/web\/wp-json\/wp\/v2\/posts\/603\/revisions\/609"}],"wp:featuredmedia":[{"embeddable":true,"href":"https:\/\/irenedelgado.com\/web\/wp-json\/wp\/v2\/media\/604"}],"wp:attachment":[{"href":"https:\/\/irenedelgado.com\/web\/wp-json\/wp\/v2\/media?parent=603"}],"wp:term":[{"taxonomy":"category","embeddable":true,"href":"https:\/\/irenedelgado.com\/web\/wp-json\/wp\/v2\/categories?post=603"},{"taxonomy":"post_tag","embeddable":true,"href":"https:\/\/irenedelgado.com\/web\/wp-json\/wp\/v2\/tags?post=603"}],"curies":[{"name":"wp","href":"https:\/\/api.w.org\/{rel}","templated":true}]}}