{"id":588,"date":"2024-08-25T20:04:44","date_gmt":"2024-08-25T20:04:44","guid":{"rendered":"https:\/\/irenedelgado.com\/web\/?p=588"},"modified":"2024-08-25T20:12:01","modified_gmt":"2024-08-25T20:12:01","slug":"irene-delgado-presenta-nuevos-libros-infantiles-feria-libro-panama-2024","status":"publish","type":"post","link":"https:\/\/irenedelgado.com\/web\/novedades\/irene-delgado-presenta-nuevos-libros-infantiles-feria-libro-panama-2024\/","title":{"rendered":"Irene de Delgado presenta dos nuevas obras en la Feria del Libro 2024"},"content":{"rendered":"\n<div class=\"wp-block-columns is-layout-flex wp-container-core-columns-is-layout-9d6595d7 wp-block-columns-is-layout-flex\">\n<div class=\"wp-block-column is-layout-flow wp-block-column-is-layout-flow\">\n<figure class=\"wp-block-image size-large\"><img loading=\"lazy\" decoding=\"async\" width=\"804\" height=\"1024\" src=\"https:\/\/irenedelgado.com\/web\/wp-content\/uploads\/2024\/08\/cuentos-de-mascotas-804x1024.jpg\" alt=\"\" class=\"wp-image-589\" srcset=\"https:\/\/irenedelgado.com\/web\/wp-content\/uploads\/2024\/08\/cuentos-de-mascotas-804x1024.jpg 804w, https:\/\/irenedelgado.com\/web\/wp-content\/uploads\/2024\/08\/cuentos-de-mascotas-236x300.jpg 236w, https:\/\/irenedelgado.com\/web\/wp-content\/uploads\/2024\/08\/cuentos-de-mascotas-768x978.jpg 768w, https:\/\/irenedelgado.com\/web\/wp-content\/uploads\/2024\/08\/cuentos-de-mascotas-1206x1536.jpg 1206w, https:\/\/irenedelgado.com\/web\/wp-content\/uploads\/2024\/08\/cuentos-de-mascotas.jpg 1256w\" sizes=\"auto, (max-width: 804px) 100vw, 804px\" \/><\/figure>\n<\/div>\n\n\n\n<div class=\"wp-block-column is-layout-flow wp-block-column-is-layout-flow\">\n<figure class=\"wp-block-image size-large\"><img loading=\"lazy\" decoding=\"async\" width=\"708\" height=\"1024\" src=\"https:\/\/irenedelgado.com\/web\/wp-content\/uploads\/2024\/08\/vamos-bruno-708x1024.jpg\" alt=\"\" class=\"wp-image-590\" srcset=\"https:\/\/irenedelgado.com\/web\/wp-content\/uploads\/2024\/08\/vamos-bruno-708x1024.jpg 708w, https:\/\/irenedelgado.com\/web\/wp-content\/uploads\/2024\/08\/vamos-bruno-207x300.jpg 207w, https:\/\/irenedelgado.com\/web\/wp-content\/uploads\/2024\/08\/vamos-bruno-768x1111.jpg 768w, https:\/\/irenedelgado.com\/web\/wp-content\/uploads\/2024\/08\/vamos-bruno-1062x1536.jpg 1062w, https:\/\/irenedelgado.com\/web\/wp-content\/uploads\/2024\/08\/vamos-bruno.jpg 1106w\" sizes=\"auto, (max-width: 708px) 100vw, 708px\" \/><\/figure>\n<\/div>\n<\/div>\n\n\n\n<p>En un emotivo evento durante la Feria Internacional del Libro de Panam\u00e1 2024, la reconocida autora Irene de Delgado present\u00f3 sus dos nuevas obras infantiles: \u00abCuentos de mascotas\u00bb y \u00abVamos Bruno\u00bb.<\/p>\n\n\n\n<p>La presentaci\u00f3n de estos dos nuevos t\u00edtulos fue recibida como un importante aporte a la literatura infantil nacional, no solo marc\u00f3 el lanzamiento de dos nuevos libros, sino que tambi\u00e9n reafirm\u00f3 el compromiso de la autora con el desarrollo de la literatura infantil en Panam\u00e1.<\/p>\n\n\n\n<p>La presentaci\u00f3n de \u00abCuentos de mascotas\u00bb y \u00abVamos Bruno\u00bb por Irene de Delgado fue sin duda uno de los momentos destacados de la Feria Internacional del Libro de Panam\u00e1 2024, prometiendo enriquecer las bibliotecas y la imaginaci\u00f3n de los j\u00f3venes lectores paname\u00f1os.<\/p>\n\n\n\n<figure class=\"wp-block-video\"><video height=\"480\" style=\"aspect-ratio: 848 \/ 480;\" width=\"848\" controls src=\"https:\/\/irenedelgado.com\/web\/wp-content\/uploads\/2024\/08\/Presentacion-de-libro-Irene-Delgado.mp4\"><\/video><\/figure>\n","protected":false},"excerpt":{"rendered":"<p>En un emotivo evento durante la Feria Internacional del Libro de Panam\u00e1 2024, la reconocida autora Irene de Delgado present\u00f3 sus dos nuevas obras infantiles: \u00abCuentos de mascotas\u00bb y \u00abVamos Bruno\u00bb. La presentaci\u00f3n de estos dos nuevos t\u00edtulos fue recibida como un importante aporte a la literatura infantil nacional, no solo marc\u00f3 el lanzamiento de [&hellip;]<\/p>\n","protected":false},"author":1,"featured_media":593,"comment_status":"closed","ping_status":"closed","sticky":false,"template":"","format":"standard","meta":{"_acf_changed":false,"footnotes":""},"categories":[4],"tags":[],"class_list":["post-588","post","type-post","status-publish","format-standard","has-post-thumbnail","hentry","category-novedades"],"acf":[],"yoast_head":"<!-- This site is optimized with the Yoast SEO plugin v27.1.1 - https:\/\/yoast.com\/product\/yoast-seo-wordpress\/ -->\n<title>Irene de Delgado lanza dos libros infantiles en Feria del Libro<\/title>\n<meta name=\"description\" content=\"Irene de Delgado present\u00f3 &quot;Cuentos de mascotas&quot; y &quot;Vamos Bruno&quot; en la Feria Internacional del Libro de Panam\u00e1 2024, enriqueciendo la literatura infantil nacional.\" \/>\n<meta name=\"robots\" content=\"index, follow, max-snippet:-1, max-image-preview:large, max-video-preview:-1\" \/>\n<link rel=\"canonical\" href=\"https:\/\/irenedelgado.com\/web\/novedades\/irene-delgado-presenta-nuevos-libros-infantiles-feria-libro-panama-2024\/\" \/>\n<meta property=\"og:locale\" content=\"es_ES\" \/>\n<meta property=\"og:type\" content=\"article\" \/>\n<meta property=\"og:title\" content=\"Irene de Delgado lanza dos libros infantiles en Feria del Libro\" \/>\n<meta property=\"og:description\" content=\"Irene de Delgado present\u00f3 &quot;Cuentos de mascotas&quot; y &quot;Vamos Bruno&quot; en la Feria Internacional del Libro de Panam\u00e1 2024, enriqueciendo la literatura infantil nacional.\" \/>\n<meta property=\"og:url\" content=\"https:\/\/irenedelgado.com\/web\/novedades\/irene-delgado-presenta-nuevos-libros-infantiles-feria-libro-panama-2024\/\" \/>\n<meta property=\"og:site_name\" content=\"Irene Delgado\" \/>\n<meta property=\"article:published_time\" content=\"2024-08-25T20:04:44+00:00\" \/>\n<meta property=\"article:modified_time\" content=\"2024-08-25T20:12:01+00:00\" \/>\n<meta property=\"og:image\" content=\"https:\/\/irenedelgado.com\/web\/wp-content\/uploads\/2024\/08\/feria-del-libro.jpg\" \/>\n\t<meta property=\"og:image:width\" content=\"648\" \/>\n\t<meta property=\"og:image:height\" content=\"451\" \/>\n\t<meta property=\"og:image:type\" content=\"image\/jpeg\" \/>\n<meta name=\"author\" content=\"edesign\" \/>\n<meta name=\"twitter:card\" content=\"summary_large_image\" \/>\n<meta name=\"twitter:label1\" content=\"Escrito por\" \/>\n\t<meta name=\"twitter:data1\" content=\"edesign\" \/>\n\t<meta name=\"twitter:label2\" content=\"Tiempo de lectura\" \/>\n\t<meta name=\"twitter:data2\" content=\"2 minutos\" \/>\n<script type=\"application\/ld+json\" class=\"yoast-schema-graph\">{\"@context\":\"https:\/\/schema.org\",\"@graph\":[{\"@type\":\"Article\",\"@id\":\"https:\/\/irenedelgado.com\/web\/novedades\/irene-delgado-presenta-nuevos-libros-infantiles-feria-libro-panama-2024\/#article\",\"isPartOf\":{\"@id\":\"https:\/\/irenedelgado.com\/web\/novedades\/irene-delgado-presenta-nuevos-libros-infantiles-feria-libro-panama-2024\/\"},\"author\":{\"name\":\"edesign\",\"@id\":\"https:\/\/irenedelgado.com\/web\/#\/schema\/person\/f93871ba2e1037c25b94a92895146fe7\"},\"headline\":\"Irene de Delgado presenta dos nuevas obras en la Feria del Libro 2024\",\"datePublished\":\"2024-08-25T20:04:44+00:00\",\"dateModified\":\"2024-08-25T20:12:01+00:00\",\"mainEntityOfPage\":{\"@id\":\"https:\/\/irenedelgado.com\/web\/novedades\/irene-delgado-presenta-nuevos-libros-infantiles-feria-libro-panama-2024\/\"},\"wordCount\":135,\"image\":{\"@id\":\"https:\/\/irenedelgado.com\/web\/novedades\/irene-delgado-presenta-nuevos-libros-infantiles-feria-libro-panama-2024\/#primaryimage\"},\"thumbnailUrl\":\"https:\/\/irenedelgado.com\/web\/wp-content\/uploads\/2024\/08\/feria-del-libro.jpg\",\"articleSection\":[\"Novedades\"],\"inLanguage\":\"es\"},{\"@type\":\"WebPage\",\"@id\":\"https:\/\/irenedelgado.com\/web\/novedades\/irene-delgado-presenta-nuevos-libros-infantiles-feria-libro-panama-2024\/\",\"url\":\"https:\/\/irenedelgado.com\/web\/novedades\/irene-delgado-presenta-nuevos-libros-infantiles-feria-libro-panama-2024\/\",\"name\":\"Irene de Delgado lanza dos libros infantiles en Feria del Libro\",\"isPartOf\":{\"@id\":\"https:\/\/irenedelgado.com\/web\/#website\"},\"primaryImageOfPage\":{\"@id\":\"https:\/\/irenedelgado.com\/web\/novedades\/irene-delgado-presenta-nuevos-libros-infantiles-feria-libro-panama-2024\/#primaryimage\"},\"image\":{\"@id\":\"https:\/\/irenedelgado.com\/web\/novedades\/irene-delgado-presenta-nuevos-libros-infantiles-feria-libro-panama-2024\/#primaryimage\"},\"thumbnailUrl\":\"https:\/\/irenedelgado.com\/web\/wp-content\/uploads\/2024\/08\/feria-del-libro.jpg\",\"datePublished\":\"2024-08-25T20:04:44+00:00\",\"dateModified\":\"2024-08-25T20:12:01+00:00\",\"author\":{\"@id\":\"https:\/\/irenedelgado.com\/web\/#\/schema\/person\/f93871ba2e1037c25b94a92895146fe7\"},\"description\":\"Irene de Delgado present\u00f3 \\\"Cuentos de mascotas\\\" y \\\"Vamos Bruno\\\" en la Feria Internacional del Libro de Panam\u00e1 2024, enriqueciendo la literatura infantil nacional.\",\"breadcrumb\":{\"@id\":\"https:\/\/irenedelgado.com\/web\/novedades\/irene-delgado-presenta-nuevos-libros-infantiles-feria-libro-panama-2024\/#breadcrumb\"},\"inLanguage\":\"es\",\"potentialAction\":[{\"@type\":\"ReadAction\",\"target\":[\"https:\/\/irenedelgado.com\/web\/novedades\/irene-delgado-presenta-nuevos-libros-infantiles-feria-libro-panama-2024\/\"]}]},{\"@type\":\"ImageObject\",\"inLanguage\":\"es\",\"@id\":\"https:\/\/irenedelgado.com\/web\/novedades\/irene-delgado-presenta-nuevos-libros-infantiles-feria-libro-panama-2024\/#primaryimage\",\"url\":\"https:\/\/irenedelgado.com\/web\/wp-content\/uploads\/2024\/08\/feria-del-libro.jpg\",\"contentUrl\":\"https:\/\/irenedelgado.com\/web\/wp-content\/uploads\/2024\/08\/feria-del-libro.jpg\",\"width\":648,\"height\":451},{\"@type\":\"BreadcrumbList\",\"@id\":\"https:\/\/irenedelgado.com\/web\/novedades\/irene-delgado-presenta-nuevos-libros-infantiles-feria-libro-panama-2024\/#breadcrumb\",\"itemListElement\":[{\"@type\":\"ListItem\",\"position\":1,\"name\":\"Portada\",\"item\":\"https:\/\/irenedelgado.com\/web\/\"},{\"@type\":\"ListItem\",\"position\":2,\"name\":\"Irene de Delgado presenta dos nuevas obras en la Feria del Libro 2024\"}]},{\"@type\":\"WebSite\",\"@id\":\"https:\/\/irenedelgado.com\/web\/#website\",\"url\":\"https:\/\/irenedelgado.com\/web\/\",\"name\":\"Irene Delgado\",\"description\":\"\",\"potentialAction\":[{\"@type\":\"SearchAction\",\"target\":{\"@type\":\"EntryPoint\",\"urlTemplate\":\"https:\/\/irenedelgado.com\/web\/?s={search_term_string}\"},\"query-input\":{\"@type\":\"PropertyValueSpecification\",\"valueRequired\":true,\"valueName\":\"search_term_string\"}}],\"inLanguage\":\"es\"},{\"@type\":\"Person\",\"@id\":\"https:\/\/irenedelgado.com\/web\/#\/schema\/person\/f93871ba2e1037c25b94a92895146fe7\",\"name\":\"edesign\",\"image\":{\"@type\":\"ImageObject\",\"inLanguage\":\"es\",\"@id\":\"https:\/\/irenedelgado.com\/web\/#\/schema\/person\/image\/\",\"url\":\"https:\/\/secure.gravatar.com\/avatar\/7eca3574dbc5d8ebff55ee95f1c44853ebba4a8afb2995a7c8d7d28199ccbdbe?s=96&d=mm&r=g\",\"contentUrl\":\"https:\/\/secure.gravatar.com\/avatar\/7eca3574dbc5d8ebff55ee95f1c44853ebba4a8afb2995a7c8d7d28199ccbdbe?s=96&d=mm&r=g\",\"caption\":\"edesign\"}}]}<\/script>\n<!-- \/ Yoast SEO plugin. -->","yoast_head_json":{"title":"Irene de Delgado lanza dos libros infantiles en Feria del Libro","description":"Irene de Delgado present\u00f3 \"Cuentos de mascotas\" y \"Vamos Bruno\" en la Feria Internacional del Libro de Panam\u00e1 2024, enriqueciendo la literatura infantil nacional.","robots":{"index":"index","follow":"follow","max-snippet":"max-snippet:-1","max-image-preview":"max-image-preview:large","max-video-preview":"max-video-preview:-1"},"canonical":"https:\/\/irenedelgado.com\/web\/novedades\/irene-delgado-presenta-nuevos-libros-infantiles-feria-libro-panama-2024\/","og_locale":"es_ES","og_type":"article","og_title":"Irene de Delgado lanza dos libros infantiles en Feria del Libro","og_description":"Irene de Delgado present\u00f3 \"Cuentos de mascotas\" y \"Vamos Bruno\" en la Feria Internacional del Libro de Panam\u00e1 2024, enriqueciendo la literatura infantil nacional.","og_url":"https:\/\/irenedelgado.com\/web\/novedades\/irene-delgado-presenta-nuevos-libros-infantiles-feria-libro-panama-2024\/","og_site_name":"Irene Delgado","article_published_time":"2024-08-25T20:04:44+00:00","article_modified_time":"2024-08-25T20:12:01+00:00","og_image":[{"width":648,"height":451,"url":"https:\/\/irenedelgado.com\/web\/wp-content\/uploads\/2024\/08\/feria-del-libro.jpg","type":"image\/jpeg"}],"author":"edesign","twitter_card":"summary_large_image","twitter_misc":{"Escrito por":"edesign","Tiempo de lectura":"2 minutos"},"schema":{"@context":"https:\/\/schema.org","@graph":[{"@type":"Article","@id":"https:\/\/irenedelgado.com\/web\/novedades\/irene-delgado-presenta-nuevos-libros-infantiles-feria-libro-panama-2024\/#article","isPartOf":{"@id":"https:\/\/irenedelgado.com\/web\/novedades\/irene-delgado-presenta-nuevos-libros-infantiles-feria-libro-panama-2024\/"},"author":{"name":"edesign","@id":"https:\/\/irenedelgado.com\/web\/#\/schema\/person\/f93871ba2e1037c25b94a92895146fe7"},"headline":"Irene de Delgado presenta dos nuevas obras en la Feria del Libro 2024","datePublished":"2024-08-25T20:04:44+00:00","dateModified":"2024-08-25T20:12:01+00:00","mainEntityOfPage":{"@id":"https:\/\/irenedelgado.com\/web\/novedades\/irene-delgado-presenta-nuevos-libros-infantiles-feria-libro-panama-2024\/"},"wordCount":135,"image":{"@id":"https:\/\/irenedelgado.com\/web\/novedades\/irene-delgado-presenta-nuevos-libros-infantiles-feria-libro-panama-2024\/#primaryimage"},"thumbnailUrl":"https:\/\/irenedelgado.com\/web\/wp-content\/uploads\/2024\/08\/feria-del-libro.jpg","articleSection":["Novedades"],"inLanguage":"es"},{"@type":"WebPage","@id":"https:\/\/irenedelgado.com\/web\/novedades\/irene-delgado-presenta-nuevos-libros-infantiles-feria-libro-panama-2024\/","url":"https:\/\/irenedelgado.com\/web\/novedades\/irene-delgado-presenta-nuevos-libros-infantiles-feria-libro-panama-2024\/","name":"Irene de Delgado lanza dos libros infantiles en Feria del Libro","isPartOf":{"@id":"https:\/\/irenedelgado.com\/web\/#website"},"primaryImageOfPage":{"@id":"https:\/\/irenedelgado.com\/web\/novedades\/irene-delgado-presenta-nuevos-libros-infantiles-feria-libro-panama-2024\/#primaryimage"},"image":{"@id":"https:\/\/irenedelgado.com\/web\/novedades\/irene-delgado-presenta-nuevos-libros-infantiles-feria-libro-panama-2024\/#primaryimage"},"thumbnailUrl":"https:\/\/irenedelgado.com\/web\/wp-content\/uploads\/2024\/08\/feria-del-libro.jpg","datePublished":"2024-08-25T20:04:44+00:00","dateModified":"2024-08-25T20:12:01+00:00","author":{"@id":"https:\/\/irenedelgado.com\/web\/#\/schema\/person\/f93871ba2e1037c25b94a92895146fe7"},"description":"Irene de Delgado present\u00f3 \"Cuentos de mascotas\" y \"Vamos Bruno\" en la Feria Internacional del Libro de Panam\u00e1 2024, enriqueciendo la literatura infantil nacional.","breadcrumb":{"@id":"https:\/\/irenedelgado.com\/web\/novedades\/irene-delgado-presenta-nuevos-libros-infantiles-feria-libro-panama-2024\/#breadcrumb"},"inLanguage":"es","potentialAction":[{"@type":"ReadAction","target":["https:\/\/irenedelgado.com\/web\/novedades\/irene-delgado-presenta-nuevos-libros-infantiles-feria-libro-panama-2024\/"]}]},{"@type":"ImageObject","inLanguage":"es","@id":"https:\/\/irenedelgado.com\/web\/novedades\/irene-delgado-presenta-nuevos-libros-infantiles-feria-libro-panama-2024\/#primaryimage","url":"https:\/\/irenedelgado.com\/web\/wp-content\/uploads\/2024\/08\/feria-del-libro.jpg","contentUrl":"https:\/\/irenedelgado.com\/web\/wp-content\/uploads\/2024\/08\/feria-del-libro.jpg","width":648,"height":451},{"@type":"BreadcrumbList","@id":"https:\/\/irenedelgado.com\/web\/novedades\/irene-delgado-presenta-nuevos-libros-infantiles-feria-libro-panama-2024\/#breadcrumb","itemListElement":[{"@type":"ListItem","position":1,"name":"Portada","item":"https:\/\/irenedelgado.com\/web\/"},{"@type":"ListItem","position":2,"name":"Irene de Delgado presenta dos nuevas obras en la Feria del Libro 2024"}]},{"@type":"WebSite","@id":"https:\/\/irenedelgado.com\/web\/#website","url":"https:\/\/irenedelgado.com\/web\/","name":"Irene Delgado","description":"","potentialAction":[{"@type":"SearchAction","target":{"@type":"EntryPoint","urlTemplate":"https:\/\/irenedelgado.com\/web\/?s={search_term_string}"},"query-input":{"@type":"PropertyValueSpecification","valueRequired":true,"valueName":"search_term_string"}}],"inLanguage":"es"},{"@type":"Person","@id":"https:\/\/irenedelgado.com\/web\/#\/schema\/person\/f93871ba2e1037c25b94a92895146fe7","name":"edesign","image":{"@type":"ImageObject","inLanguage":"es","@id":"https:\/\/irenedelgado.com\/web\/#\/schema\/person\/image\/","url":"https:\/\/secure.gravatar.com\/avatar\/7eca3574dbc5d8ebff55ee95f1c44853ebba4a8afb2995a7c8d7d28199ccbdbe?s=96&d=mm&r=g","contentUrl":"https:\/\/secure.gravatar.com\/avatar\/7eca3574dbc5d8ebff55ee95f1c44853ebba4a8afb2995a7c8d7d28199ccbdbe?s=96&d=mm&r=g","caption":"edesign"}}]}},"_links":{"self":[{"href":"https:\/\/irenedelgado.com\/web\/wp-json\/wp\/v2\/posts\/588","targetHints":{"allow":["GET"]}}],"collection":[{"href":"https:\/\/irenedelgado.com\/web\/wp-json\/wp\/v2\/posts"}],"about":[{"href":"https:\/\/irenedelgado.com\/web\/wp-json\/wp\/v2\/types\/post"}],"author":[{"embeddable":true,"href":"https:\/\/irenedelgado.com\/web\/wp-json\/wp\/v2\/users\/1"}],"replies":[{"embeddable":true,"href":"https:\/\/irenedelgado.com\/web\/wp-json\/wp\/v2\/comments?post=588"}],"version-history":[{"count":2,"href":"https:\/\/irenedelgado.com\/web\/wp-json\/wp\/v2\/posts\/588\/revisions"}],"predecessor-version":[{"id":595,"href":"https:\/\/irenedelgado.com\/web\/wp-json\/wp\/v2\/posts\/588\/revisions\/595"}],"wp:featuredmedia":[{"embeddable":true,"href":"https:\/\/irenedelgado.com\/web\/wp-json\/wp\/v2\/media\/593"}],"wp:attachment":[{"href":"https:\/\/irenedelgado.com\/web\/wp-json\/wp\/v2\/media?parent=588"}],"wp:term":[{"taxonomy":"category","embeddable":true,"href":"https:\/\/irenedelgado.com\/web\/wp-json\/wp\/v2\/categories?post=588"},{"taxonomy":"post_tag","embeddable":true,"href":"https:\/\/irenedelgado.com\/web\/wp-json\/wp\/v2\/tags?post=588"}],"curies":[{"name":"wp","href":"https:\/\/api.w.org\/{rel}","templated":true}]}}