{"id":578,"date":"2024-08-25T19:45:24","date_gmt":"2024-08-25T19:45:24","guid":{"rendered":"https:\/\/irenedelgado.com\/web\/?p=578"},"modified":"2024-08-25T19:47:17","modified_gmt":"2024-08-25T19:47:17","slug":"xito-antologia-cuentos-cuentos-y-mas-cuentos-feria-libro-panama-2024","status":"publish","type":"post","link":"https:\/\/irenedelgado.com\/web\/aplij\/xito-antologia-cuentos-cuentos-y-mas-cuentos-feria-libro-panama-2024\/","title":{"rendered":"\u00abCuentos, cuentos y m\u00e1s cuentos\u00bb: Un hito en la literatura infantil paname\u00f1a"},"content":{"rendered":"\n<figure class=\"wp-block-image size-large\"><img loading=\"lazy\" decoding=\"async\" width=\"1024\" height=\"695\" src=\"https:\/\/irenedelgado.com\/web\/wp-content\/uploads\/2024\/08\/Antologia-cuentos-y-mas-cuentos-1-1024x695.jpg\" alt=\"\" class=\"wp-image-585\" srcset=\"https:\/\/irenedelgado.com\/web\/wp-content\/uploads\/2024\/08\/Antologia-cuentos-y-mas-cuentos-1-1024x695.jpg 1024w, https:\/\/irenedelgado.com\/web\/wp-content\/uploads\/2024\/08\/Antologia-cuentos-y-mas-cuentos-1-300x204.jpg 300w, https:\/\/irenedelgado.com\/web\/wp-content\/uploads\/2024\/08\/Antologia-cuentos-y-mas-cuentos-1-768x521.jpg 768w, https:\/\/irenedelgado.com\/web\/wp-content\/uploads\/2024\/08\/Antologia-cuentos-y-mas-cuentos-1.jpg 1064w\" sizes=\"auto, (max-width: 1024px) 100vw, 1024px\" \/><\/figure>\n\n\n\n<h2 class=\"wp-block-heading\">Una antolog\u00eda que reuni\u00f3 talento diverso<\/h2>\n\n\n\n<p>La Academia Paname\u00f1a de Literatura Infantil y Juvenil (Aplij) lanz\u00f3 su antolog\u00eda \u00abCuentos, cuentos y m\u00e1s cuentos\u00bb durante la Feria Internacional del Libro de Panam\u00e1 2024. Esta obra recopil\u00f3 21 cuentos infantiles de autores paname\u00f1os, combinando el talento de escritores profesionales y periodistas que se aventuraron en la literatura infantil.<\/p>\n\n\n\n<h2 class=\"wp-block-heading\">La visi\u00f3n de Irene de Delgado<\/h2>\n\n\n\n<p>Irene de Delgado, presidenta de Aplij, comparti\u00f3 su visi\u00f3n sobre la importancia de esta antolog\u00eda:<\/p>\n\n\n\n<p>\u00abDebemos apoyar a los autores nacionales que escriben sobre nuestras realidades y que van al grano porque conocen nuestra sociedad\u00bb, afirm\u00f3 Delgado. \u00abMuchas veces los lectores, en este caso, ni\u00f1os, cuentan con libros que vienen de otras geograf\u00edas y que son v\u00e1lidos porque hay que conocer la literatura mundial, pero tambi\u00e9n se deben leer las obras de los escritores paname\u00f1os\u00bb.<\/p>\n\n\n\n<h2 class=\"wp-block-heading\">El desaf\u00edo de la lectura en la era digital<\/h2>\n\n\n<div class=\"wp-block-image\">\n<figure class=\"aligncenter size-full\"><img loading=\"lazy\" decoding=\"async\" width=\"576\" height=\"408\" src=\"https:\/\/irenedelgado.com\/web\/wp-content\/uploads\/2024\/08\/Antologia-cuentos-y-mas-cuentos-3.jpg\" alt=\"\" class=\"wp-image-581\" srcset=\"https:\/\/irenedelgado.com\/web\/wp-content\/uploads\/2024\/08\/Antologia-cuentos-y-mas-cuentos-3.jpg 576w, https:\/\/irenedelgado.com\/web\/wp-content\/uploads\/2024\/08\/Antologia-cuentos-y-mas-cuentos-3-300x213.jpg 300w\" sizes=\"auto, (max-width: 576px) 100vw, 576px\" \/><\/figure>\n<\/div>\n\n\n<p>Delgado expres\u00f3 su preocupaci\u00f3n por el impacto de la tecnolog\u00eda en los h\u00e1bitos de lectura:<\/p>\n\n\n\n<p>\u00abEn Panam\u00e1 lleg\u00f3 la tecnolog\u00eda, se les dio a los ni\u00f1os un celular o una tablet y no accedieron a esta tecnolog\u00eda con un conocimiento previo de la lectura. Ya ten\u00edamos un d\u00e9ficit, aqu\u00ed hay que meterle muy duro a la lectura, hay que hacer programas especiales para educadores que hacen gran esfuerzo, pero necesitan mucho m\u00e1s apoyo\u00bb.<\/p>\n\n\n\n<h2 class=\"wp-block-heading\">Un llamado a la acci\u00f3n<\/h2>\n\n\n\n<p>La presidenta de Aplij enfatiz\u00f3 la necesidad de fortalecer la lectura en Panam\u00e1:<\/p>\n\n\n\n<ul class=\"wp-block-list\">\n<li>Implementar programas especiales para educadores<\/li>\n\n\n\n<li>Proporcionar m\u00e1s apoyo a las iniciativas de fomento de la lectura<\/li>\n\n\n\n<li>Equilibrar el uso de la tecnolog\u00eda con el desarrollo de habilidades lectoras<\/li>\n<\/ul>\n\n\n\n<h2 class=\"wp-block-heading\">Evento de presentaci\u00f3n<\/h2>\n\n\n\n<p>\u00abCuentos, cuentos y m\u00e1s cuentos\u00bb fue presentado el \u00faltimo d\u00eda de la Feria Internacional del Libro en el rinc\u00f3n cultural de Atlapa. Este evento ofreci\u00f3 una oportunidad \u00fanica para conocer esta valiosa contribuci\u00f3n a la literatura infantil paname\u00f1a y apoyar el talento local, marcando un hito en la promoci\u00f3n de la lectura y la literatura paname\u00f1a para ni\u00f1os.<\/p>\n","protected":false},"excerpt":{"rendered":"<p>Una antolog\u00eda que reuni\u00f3 talento diverso La Academia Paname\u00f1a de Literatura Infantil y Juvenil (Aplij) lanz\u00f3 su antolog\u00eda \u00abCuentos, cuentos y m\u00e1s cuentos\u00bb durante la Feria Internacional del Libro de Panam\u00e1 2024. Esta obra recopil\u00f3 21 cuentos infantiles de autores paname\u00f1os, combinando el talento de escritores profesionales y periodistas que se aventuraron en la literatura [&hellip;]<\/p>\n","protected":false},"author":1,"featured_media":579,"comment_status":"closed","ping_status":"closed","sticky":false,"template":"","format":"standard","meta":{"_acf_changed":false,"footnotes":""},"categories":[5],"tags":[],"class_list":["post-578","post","type-post","status-publish","format-standard","has-post-thumbnail","hentry","category-aplij"],"acf":[],"yoast_head":"<!-- This site is optimized with the Yoast SEO plugin v27.1.1 - https:\/\/yoast.com\/product\/yoast-seo-wordpress\/ -->\n<title>\u00c9xito de antolog\u00eda infantil paname\u00f1a en Feria del Libro 2024<\/title>\n<meta name=\"description\" content=\"Aplij present\u00f3 &quot;Cuentos, cuentos y m\u00e1s cuentos&quot;, una antolog\u00eda de 21 autores paname\u00f1os, en la Feria Internacional del Libro de Panam\u00e1 2024.\" \/>\n<meta name=\"robots\" content=\"index, follow, max-snippet:-1, max-image-preview:large, max-video-preview:-1\" \/>\n<link rel=\"canonical\" href=\"https:\/\/irenedelgado.com\/web\/aplij\/xito-antologia-cuentos-cuentos-y-mas-cuentos-feria-libro-panama-2024\/\" \/>\n<meta property=\"og:locale\" content=\"es_ES\" \/>\n<meta property=\"og:type\" content=\"article\" \/>\n<meta property=\"og:title\" content=\"\u00c9xito de antolog\u00eda infantil paname\u00f1a en Feria del Libro 2024\" \/>\n<meta property=\"og:description\" content=\"Aplij present\u00f3 &quot;Cuentos, cuentos y m\u00e1s cuentos&quot;, una antolog\u00eda de 21 autores paname\u00f1os, en la Feria Internacional del Libro de Panam\u00e1 2024.\" \/>\n<meta property=\"og:url\" content=\"https:\/\/irenedelgado.com\/web\/aplij\/xito-antologia-cuentos-cuentos-y-mas-cuentos-feria-libro-panama-2024\/\" \/>\n<meta property=\"og:site_name\" content=\"Irene Delgado\" \/>\n<meta property=\"article:published_time\" content=\"2024-08-25T19:45:24+00:00\" \/>\n<meta property=\"article:modified_time\" content=\"2024-08-25T19:47:17+00:00\" \/>\n<meta property=\"og:image\" content=\"https:\/\/irenedelgado.com\/web\/wp-content\/uploads\/2024\/08\/Antologia-cuentos-y-mas-cuentos.jpg\" \/>\n\t<meta property=\"og:image:width\" content=\"1064\" \/>\n\t<meta property=\"og:image:height\" content=\"722\" \/>\n\t<meta property=\"og:image:type\" content=\"image\/jpeg\" \/>\n<meta name=\"author\" content=\"edesign\" \/>\n<meta name=\"twitter:card\" content=\"summary_large_image\" \/>\n<meta name=\"twitter:label1\" content=\"Escrito por\" \/>\n\t<meta name=\"twitter:data1\" content=\"edesign\" \/>\n\t<meta name=\"twitter:label2\" content=\"Tiempo de lectura\" \/>\n\t<meta name=\"twitter:data2\" content=\"3 minutos\" \/>\n<script type=\"application\/ld+json\" class=\"yoast-schema-graph\">{\"@context\":\"https:\/\/schema.org\",\"@graph\":[{\"@type\":\"Article\",\"@id\":\"https:\/\/irenedelgado.com\/web\/aplij\/xito-antologia-cuentos-cuentos-y-mas-cuentos-feria-libro-panama-2024\/#article\",\"isPartOf\":{\"@id\":\"https:\/\/irenedelgado.com\/web\/aplij\/xito-antologia-cuentos-cuentos-y-mas-cuentos-feria-libro-panama-2024\/\"},\"author\":{\"name\":\"edesign\",\"@id\":\"https:\/\/irenedelgado.com\/web\/#\/schema\/person\/f93871ba2e1037c25b94a92895146fe7\"},\"headline\":\"\u00abCuentos, cuentos y m\u00e1s cuentos\u00bb: Un hito en la literatura infantil paname\u00f1a\",\"datePublished\":\"2024-08-25T19:45:24+00:00\",\"dateModified\":\"2024-08-25T19:47:17+00:00\",\"mainEntityOfPage\":{\"@id\":\"https:\/\/irenedelgado.com\/web\/aplij\/xito-antologia-cuentos-cuentos-y-mas-cuentos-feria-libro-panama-2024\/\"},\"wordCount\":373,\"image\":{\"@id\":\"https:\/\/irenedelgado.com\/web\/aplij\/xito-antologia-cuentos-cuentos-y-mas-cuentos-feria-libro-panama-2024\/#primaryimage\"},\"thumbnailUrl\":\"https:\/\/irenedelgado.com\/web\/wp-content\/uploads\/2024\/08\/Antologia-cuentos-y-mas-cuentos.jpg\",\"articleSection\":[\"Aplij\"],\"inLanguage\":\"es\"},{\"@type\":\"WebPage\",\"@id\":\"https:\/\/irenedelgado.com\/web\/aplij\/xito-antologia-cuentos-cuentos-y-mas-cuentos-feria-libro-panama-2024\/\",\"url\":\"https:\/\/irenedelgado.com\/web\/aplij\/xito-antologia-cuentos-cuentos-y-mas-cuentos-feria-libro-panama-2024\/\",\"name\":\"\u00c9xito de antolog\u00eda infantil paname\u00f1a en Feria del Libro 2024\",\"isPartOf\":{\"@id\":\"https:\/\/irenedelgado.com\/web\/#website\"},\"primaryImageOfPage\":{\"@id\":\"https:\/\/irenedelgado.com\/web\/aplij\/xito-antologia-cuentos-cuentos-y-mas-cuentos-feria-libro-panama-2024\/#primaryimage\"},\"image\":{\"@id\":\"https:\/\/irenedelgado.com\/web\/aplij\/xito-antologia-cuentos-cuentos-y-mas-cuentos-feria-libro-panama-2024\/#primaryimage\"},\"thumbnailUrl\":\"https:\/\/irenedelgado.com\/web\/wp-content\/uploads\/2024\/08\/Antologia-cuentos-y-mas-cuentos.jpg\",\"datePublished\":\"2024-08-25T19:45:24+00:00\",\"dateModified\":\"2024-08-25T19:47:17+00:00\",\"author\":{\"@id\":\"https:\/\/irenedelgado.com\/web\/#\/schema\/person\/f93871ba2e1037c25b94a92895146fe7\"},\"description\":\"Aplij present\u00f3 \\\"Cuentos, cuentos y m\u00e1s cuentos\\\", una antolog\u00eda de 21 autores paname\u00f1os, en la Feria Internacional del Libro de Panam\u00e1 2024.\",\"breadcrumb\":{\"@id\":\"https:\/\/irenedelgado.com\/web\/aplij\/xito-antologia-cuentos-cuentos-y-mas-cuentos-feria-libro-panama-2024\/#breadcrumb\"},\"inLanguage\":\"es\",\"potentialAction\":[{\"@type\":\"ReadAction\",\"target\":[\"https:\/\/irenedelgado.com\/web\/aplij\/xito-antologia-cuentos-cuentos-y-mas-cuentos-feria-libro-panama-2024\/\"]}]},{\"@type\":\"ImageObject\",\"inLanguage\":\"es\",\"@id\":\"https:\/\/irenedelgado.com\/web\/aplij\/xito-antologia-cuentos-cuentos-y-mas-cuentos-feria-libro-panama-2024\/#primaryimage\",\"url\":\"https:\/\/irenedelgado.com\/web\/wp-content\/uploads\/2024\/08\/Antologia-cuentos-y-mas-cuentos.jpg\",\"contentUrl\":\"https:\/\/irenedelgado.com\/web\/wp-content\/uploads\/2024\/08\/Antologia-cuentos-y-mas-cuentos.jpg\",\"width\":1064,\"height\":722,\"caption\":\"Antologia cuentos, cuentos y mas cuentos\"},{\"@type\":\"BreadcrumbList\",\"@id\":\"https:\/\/irenedelgado.com\/web\/aplij\/xito-antologia-cuentos-cuentos-y-mas-cuentos-feria-libro-panama-2024\/#breadcrumb\",\"itemListElement\":[{\"@type\":\"ListItem\",\"position\":1,\"name\":\"Portada\",\"item\":\"https:\/\/irenedelgado.com\/web\/\"},{\"@type\":\"ListItem\",\"position\":2,\"name\":\"&#8220;Cuentos, cuentos y m\u00e1s cuentos&#8221;: Un hito en la literatura infantil paname\u00f1a\"}]},{\"@type\":\"WebSite\",\"@id\":\"https:\/\/irenedelgado.com\/web\/#website\",\"url\":\"https:\/\/irenedelgado.com\/web\/\",\"name\":\"Irene Delgado\",\"description\":\"\",\"potentialAction\":[{\"@type\":\"SearchAction\",\"target\":{\"@type\":\"EntryPoint\",\"urlTemplate\":\"https:\/\/irenedelgado.com\/web\/?s={search_term_string}\"},\"query-input\":{\"@type\":\"PropertyValueSpecification\",\"valueRequired\":true,\"valueName\":\"search_term_string\"}}],\"inLanguage\":\"es\"},{\"@type\":\"Person\",\"@id\":\"https:\/\/irenedelgado.com\/web\/#\/schema\/person\/f93871ba2e1037c25b94a92895146fe7\",\"name\":\"edesign\",\"image\":{\"@type\":\"ImageObject\",\"inLanguage\":\"es\",\"@id\":\"https:\/\/irenedelgado.com\/web\/#\/schema\/person\/image\/\",\"url\":\"https:\/\/secure.gravatar.com\/avatar\/7eca3574dbc5d8ebff55ee95f1c44853ebba4a8afb2995a7c8d7d28199ccbdbe?s=96&d=mm&r=g\",\"contentUrl\":\"https:\/\/secure.gravatar.com\/avatar\/7eca3574dbc5d8ebff55ee95f1c44853ebba4a8afb2995a7c8d7d28199ccbdbe?s=96&d=mm&r=g\",\"caption\":\"edesign\"}}]}<\/script>\n<!-- \/ Yoast SEO plugin. -->","yoast_head_json":{"title":"\u00c9xito de antolog\u00eda infantil paname\u00f1a en Feria del Libro 2024","description":"Aplij present\u00f3 \"Cuentos, cuentos y m\u00e1s cuentos\", una antolog\u00eda de 21 autores paname\u00f1os, en la Feria Internacional del Libro de Panam\u00e1 2024.","robots":{"index":"index","follow":"follow","max-snippet":"max-snippet:-1","max-image-preview":"max-image-preview:large","max-video-preview":"max-video-preview:-1"},"canonical":"https:\/\/irenedelgado.com\/web\/aplij\/xito-antologia-cuentos-cuentos-y-mas-cuentos-feria-libro-panama-2024\/","og_locale":"es_ES","og_type":"article","og_title":"\u00c9xito de antolog\u00eda infantil paname\u00f1a en Feria del Libro 2024","og_description":"Aplij present\u00f3 \"Cuentos, cuentos y m\u00e1s cuentos\", una antolog\u00eda de 21 autores paname\u00f1os, en la Feria Internacional del Libro de Panam\u00e1 2024.","og_url":"https:\/\/irenedelgado.com\/web\/aplij\/xito-antologia-cuentos-cuentos-y-mas-cuentos-feria-libro-panama-2024\/","og_site_name":"Irene Delgado","article_published_time":"2024-08-25T19:45:24+00:00","article_modified_time":"2024-08-25T19:47:17+00:00","og_image":[{"width":1064,"height":722,"url":"https:\/\/irenedelgado.com\/web\/wp-content\/uploads\/2024\/08\/Antologia-cuentos-y-mas-cuentos.jpg","type":"image\/jpeg"}],"author":"edesign","twitter_card":"summary_large_image","twitter_misc":{"Escrito por":"edesign","Tiempo de lectura":"3 minutos"},"schema":{"@context":"https:\/\/schema.org","@graph":[{"@type":"Article","@id":"https:\/\/irenedelgado.com\/web\/aplij\/xito-antologia-cuentos-cuentos-y-mas-cuentos-feria-libro-panama-2024\/#article","isPartOf":{"@id":"https:\/\/irenedelgado.com\/web\/aplij\/xito-antologia-cuentos-cuentos-y-mas-cuentos-feria-libro-panama-2024\/"},"author":{"name":"edesign","@id":"https:\/\/irenedelgado.com\/web\/#\/schema\/person\/f93871ba2e1037c25b94a92895146fe7"},"headline":"\u00abCuentos, cuentos y m\u00e1s cuentos\u00bb: Un hito en la literatura infantil paname\u00f1a","datePublished":"2024-08-25T19:45:24+00:00","dateModified":"2024-08-25T19:47:17+00:00","mainEntityOfPage":{"@id":"https:\/\/irenedelgado.com\/web\/aplij\/xito-antologia-cuentos-cuentos-y-mas-cuentos-feria-libro-panama-2024\/"},"wordCount":373,"image":{"@id":"https:\/\/irenedelgado.com\/web\/aplij\/xito-antologia-cuentos-cuentos-y-mas-cuentos-feria-libro-panama-2024\/#primaryimage"},"thumbnailUrl":"https:\/\/irenedelgado.com\/web\/wp-content\/uploads\/2024\/08\/Antologia-cuentos-y-mas-cuentos.jpg","articleSection":["Aplij"],"inLanguage":"es"},{"@type":"WebPage","@id":"https:\/\/irenedelgado.com\/web\/aplij\/xito-antologia-cuentos-cuentos-y-mas-cuentos-feria-libro-panama-2024\/","url":"https:\/\/irenedelgado.com\/web\/aplij\/xito-antologia-cuentos-cuentos-y-mas-cuentos-feria-libro-panama-2024\/","name":"\u00c9xito de antolog\u00eda infantil paname\u00f1a en Feria del Libro 2024","isPartOf":{"@id":"https:\/\/irenedelgado.com\/web\/#website"},"primaryImageOfPage":{"@id":"https:\/\/irenedelgado.com\/web\/aplij\/xito-antologia-cuentos-cuentos-y-mas-cuentos-feria-libro-panama-2024\/#primaryimage"},"image":{"@id":"https:\/\/irenedelgado.com\/web\/aplij\/xito-antologia-cuentos-cuentos-y-mas-cuentos-feria-libro-panama-2024\/#primaryimage"},"thumbnailUrl":"https:\/\/irenedelgado.com\/web\/wp-content\/uploads\/2024\/08\/Antologia-cuentos-y-mas-cuentos.jpg","datePublished":"2024-08-25T19:45:24+00:00","dateModified":"2024-08-25T19:47:17+00:00","author":{"@id":"https:\/\/irenedelgado.com\/web\/#\/schema\/person\/f93871ba2e1037c25b94a92895146fe7"},"description":"Aplij present\u00f3 \"Cuentos, cuentos y m\u00e1s cuentos\", una antolog\u00eda de 21 autores paname\u00f1os, en la Feria Internacional del Libro de Panam\u00e1 2024.","breadcrumb":{"@id":"https:\/\/irenedelgado.com\/web\/aplij\/xito-antologia-cuentos-cuentos-y-mas-cuentos-feria-libro-panama-2024\/#breadcrumb"},"inLanguage":"es","potentialAction":[{"@type":"ReadAction","target":["https:\/\/irenedelgado.com\/web\/aplij\/xito-antologia-cuentos-cuentos-y-mas-cuentos-feria-libro-panama-2024\/"]}]},{"@type":"ImageObject","inLanguage":"es","@id":"https:\/\/irenedelgado.com\/web\/aplij\/xito-antologia-cuentos-cuentos-y-mas-cuentos-feria-libro-panama-2024\/#primaryimage","url":"https:\/\/irenedelgado.com\/web\/wp-content\/uploads\/2024\/08\/Antologia-cuentos-y-mas-cuentos.jpg","contentUrl":"https:\/\/irenedelgado.com\/web\/wp-content\/uploads\/2024\/08\/Antologia-cuentos-y-mas-cuentos.jpg","width":1064,"height":722,"caption":"Antologia cuentos, cuentos y mas cuentos"},{"@type":"BreadcrumbList","@id":"https:\/\/irenedelgado.com\/web\/aplij\/xito-antologia-cuentos-cuentos-y-mas-cuentos-feria-libro-panama-2024\/#breadcrumb","itemListElement":[{"@type":"ListItem","position":1,"name":"Portada","item":"https:\/\/irenedelgado.com\/web\/"},{"@type":"ListItem","position":2,"name":"&#8220;Cuentos, cuentos y m\u00e1s cuentos&#8221;: Un hito en la literatura infantil paname\u00f1a"}]},{"@type":"WebSite","@id":"https:\/\/irenedelgado.com\/web\/#website","url":"https:\/\/irenedelgado.com\/web\/","name":"Irene Delgado","description":"","potentialAction":[{"@type":"SearchAction","target":{"@type":"EntryPoint","urlTemplate":"https:\/\/irenedelgado.com\/web\/?s={search_term_string}"},"query-input":{"@type":"PropertyValueSpecification","valueRequired":true,"valueName":"search_term_string"}}],"inLanguage":"es"},{"@type":"Person","@id":"https:\/\/irenedelgado.com\/web\/#\/schema\/person\/f93871ba2e1037c25b94a92895146fe7","name":"edesign","image":{"@type":"ImageObject","inLanguage":"es","@id":"https:\/\/irenedelgado.com\/web\/#\/schema\/person\/image\/","url":"https:\/\/secure.gravatar.com\/avatar\/7eca3574dbc5d8ebff55ee95f1c44853ebba4a8afb2995a7c8d7d28199ccbdbe?s=96&d=mm&r=g","contentUrl":"https:\/\/secure.gravatar.com\/avatar\/7eca3574dbc5d8ebff55ee95f1c44853ebba4a8afb2995a7c8d7d28199ccbdbe?s=96&d=mm&r=g","caption":"edesign"}}]}},"_links":{"self":[{"href":"https:\/\/irenedelgado.com\/web\/wp-json\/wp\/v2\/posts\/578","targetHints":{"allow":["GET"]}}],"collection":[{"href":"https:\/\/irenedelgado.com\/web\/wp-json\/wp\/v2\/posts"}],"about":[{"href":"https:\/\/irenedelgado.com\/web\/wp-json\/wp\/v2\/types\/post"}],"author":[{"embeddable":true,"href":"https:\/\/irenedelgado.com\/web\/wp-json\/wp\/v2\/users\/1"}],"replies":[{"embeddable":true,"href":"https:\/\/irenedelgado.com\/web\/wp-json\/wp\/v2\/comments?post=578"}],"version-history":[{"count":3,"href":"https:\/\/irenedelgado.com\/web\/wp-json\/wp\/v2\/posts\/578\/revisions"}],"predecessor-version":[{"id":587,"href":"https:\/\/irenedelgado.com\/web\/wp-json\/wp\/v2\/posts\/578\/revisions\/587"}],"wp:featuredmedia":[{"embeddable":true,"href":"https:\/\/irenedelgado.com\/web\/wp-json\/wp\/v2\/media\/579"}],"wp:attachment":[{"href":"https:\/\/irenedelgado.com\/web\/wp-json\/wp\/v2\/media?parent=578"}],"wp:term":[{"taxonomy":"category","embeddable":true,"href":"https:\/\/irenedelgado.com\/web\/wp-json\/wp\/v2\/categories?post=578"},{"taxonomy":"post_tag","embeddable":true,"href":"https:\/\/irenedelgado.com\/web\/wp-json\/wp\/v2\/tags?post=578"}],"curies":[{"name":"wp","href":"https:\/\/api.w.org\/{rel}","templated":true}]}}