{"id":410,"date":"2018-11-24T22:36:30","date_gmt":"2018-11-24T22:36:30","guid":{"rendered":"http:\/\/irenedelgado.com\/web\/?p=410"},"modified":"2018-12-05T03:11:41","modified_gmt":"2018-12-05T03:11:41","slug":"hay-buen-futuro-para-la-literatura-infantil","status":"publish","type":"post","link":"https:\/\/irenedelgado.com\/web\/aplij\/hay-buen-futuro-para-la-literatura-infantil\/","title":{"rendered":"Hay buen futuro para la Literatura Infantil"},"content":{"rendered":"<p>Espect\u00e1culos<br \/>\n\u2018Hay buen futuro para la literatura infantil \u2018<\/p>\n<p>Erick Marciscano<\/p>\n<p>viernes 23 de noviembre de 2018 &#8211; 12:00 a.m.<br \/>\nCompartir<br \/>\nLeadimiro Gonz\u00e1lez C.<br \/>\nlgonzalez@elsiglo.com.pa<br \/>\nIrene De Delgado dice que hay autores con talento escribiendo para ni\u00f1os<\/p>\n<p>&nbsp;<\/p>\n<p><img loading=\"lazy\" decoding=\"async\" class=\"alignnone wp-image-420 size-full\" src=\"https:\/\/irenedelgado.com\/web\/wp-content\/uploads\/2018\/11\/adb5fcbb-a441-4d64-9e08-562290d233b5-1.jpg\" alt=\"\" width=\"472\" height=\"272\" srcset=\"https:\/\/irenedelgado.com\/web\/wp-content\/uploads\/2018\/11\/adb5fcbb-a441-4d64-9e08-562290d233b5-1.jpg 472w, https:\/\/irenedelgado.com\/web\/wp-content\/uploads\/2018\/11\/adb5fcbb-a441-4d64-9e08-562290d233b5-1-300x173.jpg 300w\" sizes=\"auto, (max-width: 472px) 100vw, 472px\" \/><br \/>\nCULTURA<br \/>\nIrene De Delgado, adem\u00e1s de ser docente y escritora, es actualmente la presidenta de la Academia Paname\u00f1a de Literatura Infantil y Juvenil. Desde la academia ella, junto a otros miembros, buscan la forma de incentivar la lectura entre los m\u00e1s peque\u00f1os y ayudar a difundir las obras de los autores que escriben para ni\u00f1os.<br \/>\n\u00bfCu\u00e1l es la labor de la academia?<br \/>\nLa Academia Paname\u00f1a de Literatura Infantil est\u00e1 conformada por un grupo de escritores, ilustradores, promotores culturales y docentes de escuelas primarias y secundarias, que buscan promover a los autores y hacer cr\u00edtica literaria.<br \/>\n\u00bfHay muchos autores que escriben para ni\u00f1os en Panam\u00e1?<br \/>\nEn Panam\u00e1 hay muchos autores que tienen libros que no han sido publicados, obras muy valiosas escritas para ni\u00f1os, sin embargo, hay poca publicaci\u00f3n. Pero a trav\u00e9s de las ferias de libros, promociones y otras actividades, cada vez hay m\u00e1s autores publicando con mucho sacrificio.<br \/>\n\u00bfPor qu\u00e9 con mucho sacrificio?<br \/>\nPorque publicar para ni\u00f1os resulta m\u00e1s costoso que publicar otro tipo de literatura. En ese aspecto el ni\u00f1o requiere que los libros tengan mucho color, im\u00e1genes y los que escribimos para ni\u00f1os, lo hacemos por amor al arte.<br \/>\nAlgunos autores que promueven la literatura infantil<br \/>\nJoaquina Pereira de Padilla, Tilcia Perigault, Estela Perigault, Hena Gonz\u00e1lez de Zachrisson, son promotoras de la literatura infantil, que formaron asociaciones y que est\u00e1 dando frutos. En los a\u00f1os 70 hubo una especie de renacer en Panam\u00e1 de asociaciones que promov\u00edan la literatura infantil, en ese momento se publicaron muchos libros y estamos a punto de vivir un segundo renacimiento.<br \/>\n\u00bfLos libros que se publican realmente llenan las expectativas y son de calidad?<br \/>\nCada vez llenamos m\u00e1s las expectativas. Yo creo que desde el punto de vista de la calidad, hay escritores muy valiosos. Donde hay que reforzar es en la calidad de la publicaci\u00f3n que es muy costosa, por lo dem\u00e1s en Panam\u00e1 hay talento.<br \/>\n\u00bfC\u00f3mo ve el panorama de la literatura infantil en Panam\u00e1?<br \/>\nYo lo veo con mucho optimismo.<\/p>\n","protected":false},"excerpt":{"rendered":"<p>Espect\u00e1culos \u2018Hay buen futuro para la literatura infantil \u2018 Erick Marciscano viernes 23 de noviembre de 2018 &#8211; 12:00 a.m. Compartir Leadimiro Gonz\u00e1lez C. lgonzalez@elsiglo.com.pa Irene De Delgado dice que hay autores con talento escribiendo para ni\u00f1os &nbsp; CULTURA Irene De Delgado, adem\u00e1s de ser docente y escritora, es actualmente la presidenta de la Academia [&hellip;]<\/p>\n","protected":false},"author":3,"featured_media":420,"comment_status":"closed","ping_status":"closed","sticky":false,"template":"","format":"standard","meta":{"_acf_changed":false,"footnotes":""},"categories":[5],"tags":[],"class_list":["post-410","post","type-post","status-publish","format-standard","has-post-thumbnail","hentry","category-aplij"],"acf":[],"yoast_head":"<!-- This site is optimized with the Yoast SEO plugin v27.1.1 - https:\/\/yoast.com\/product\/yoast-seo-wordpress\/ -->\n<title>Hay buen futuro para la Literatura Infantil - Irene Delgado<\/title>\n<meta name=\"robots\" content=\"index, follow, max-snippet:-1, max-image-preview:large, max-video-preview:-1\" \/>\n<link rel=\"canonical\" href=\"https:\/\/irenedelgado.com\/web\/aplij\/hay-buen-futuro-para-la-literatura-infantil\/\" \/>\n<meta property=\"og:locale\" content=\"es_ES\" \/>\n<meta property=\"og:type\" content=\"article\" \/>\n<meta property=\"og:title\" content=\"Hay buen futuro para la Literatura Infantil - Irene Delgado\" \/>\n<meta property=\"og:description\" content=\"Espect\u00e1culos \u2018Hay buen futuro para la literatura infantil \u2018 Erick Marciscano viernes 23 de noviembre de 2018 &#8211; 12:00 a.m. Compartir Leadimiro Gonz\u00e1lez C. lgonzalez@elsiglo.com.pa Irene De Delgado dice que hay autores con talento escribiendo para ni\u00f1os &nbsp; CULTURA Irene De Delgado, adem\u00e1s de ser docente y escritora, es actualmente la presidenta de la Academia [&hellip;]\" \/>\n<meta property=\"og:url\" content=\"https:\/\/irenedelgado.com\/web\/aplij\/hay-buen-futuro-para-la-literatura-infantil\/\" \/>\n<meta property=\"og:site_name\" content=\"Irene Delgado\" \/>\n<meta property=\"article:published_time\" content=\"2018-11-24T22:36:30+00:00\" \/>\n<meta property=\"article:modified_time\" content=\"2018-12-05T03:11:41+00:00\" \/>\n<meta property=\"og:image\" content=\"https:\/\/irenedelgado.com\/web\/wp-content\/uploads\/2018\/11\/adb5fcbb-a441-4d64-9e08-562290d233b5-1.jpg\" \/>\n\t<meta property=\"og:image:width\" content=\"472\" \/>\n\t<meta property=\"og:image:height\" content=\"272\" \/>\n\t<meta property=\"og:image:type\" content=\"image\/jpeg\" \/>\n<meta name=\"author\" content=\"Irene Delgado\" \/>\n<meta name=\"twitter:card\" content=\"summary_large_image\" \/>\n<meta name=\"twitter:label1\" content=\"Escrito por\" \/>\n\t<meta name=\"twitter:data1\" content=\"Irene Delgado\" \/>\n\t<meta name=\"twitter:label2\" content=\"Tiempo de lectura\" \/>\n\t<meta name=\"twitter:data2\" content=\"2 minutos\" \/>\n<script type=\"application\/ld+json\" class=\"yoast-schema-graph\">{\"@context\":\"https:\/\/schema.org\",\"@graph\":[{\"@type\":\"Article\",\"@id\":\"https:\/\/irenedelgado.com\/web\/aplij\/hay-buen-futuro-para-la-literatura-infantil\/#article\",\"isPartOf\":{\"@id\":\"https:\/\/irenedelgado.com\/web\/aplij\/hay-buen-futuro-para-la-literatura-infantil\/\"},\"author\":{\"name\":\"Irene Delgado\",\"@id\":\"https:\/\/irenedelgado.com\/web\/#\/schema\/person\/e4f3fac546f7445a408ff620bcd11a24\"},\"headline\":\"Hay buen futuro para la Literatura Infantil\",\"datePublished\":\"2018-11-24T22:36:30+00:00\",\"dateModified\":\"2018-12-05T03:11:41+00:00\",\"mainEntityOfPage\":{\"@id\":\"https:\/\/irenedelgado.com\/web\/aplij\/hay-buen-futuro-para-la-literatura-infantil\/\"},\"wordCount\":403,\"image\":{\"@id\":\"https:\/\/irenedelgado.com\/web\/aplij\/hay-buen-futuro-para-la-literatura-infantil\/#primaryimage\"},\"thumbnailUrl\":\"https:\/\/irenedelgado.com\/web\/wp-content\/uploads\/2018\/11\/adb5fcbb-a441-4d64-9e08-562290d233b5-1.jpg\",\"articleSection\":[\"Aplij\"],\"inLanguage\":\"es\"},{\"@type\":\"WebPage\",\"@id\":\"https:\/\/irenedelgado.com\/web\/aplij\/hay-buen-futuro-para-la-literatura-infantil\/\",\"url\":\"https:\/\/irenedelgado.com\/web\/aplij\/hay-buen-futuro-para-la-literatura-infantil\/\",\"name\":\"Hay buen futuro para la Literatura Infantil - Irene Delgado\",\"isPartOf\":{\"@id\":\"https:\/\/irenedelgado.com\/web\/#website\"},\"primaryImageOfPage\":{\"@id\":\"https:\/\/irenedelgado.com\/web\/aplij\/hay-buen-futuro-para-la-literatura-infantil\/#primaryimage\"},\"image\":{\"@id\":\"https:\/\/irenedelgado.com\/web\/aplij\/hay-buen-futuro-para-la-literatura-infantil\/#primaryimage\"},\"thumbnailUrl\":\"https:\/\/irenedelgado.com\/web\/wp-content\/uploads\/2018\/11\/adb5fcbb-a441-4d64-9e08-562290d233b5-1.jpg\",\"datePublished\":\"2018-11-24T22:36:30+00:00\",\"dateModified\":\"2018-12-05T03:11:41+00:00\",\"author\":{\"@id\":\"https:\/\/irenedelgado.com\/web\/#\/schema\/person\/e4f3fac546f7445a408ff620bcd11a24\"},\"breadcrumb\":{\"@id\":\"https:\/\/irenedelgado.com\/web\/aplij\/hay-buen-futuro-para-la-literatura-infantil\/#breadcrumb\"},\"inLanguage\":\"es\",\"potentialAction\":[{\"@type\":\"ReadAction\",\"target\":[\"https:\/\/irenedelgado.com\/web\/aplij\/hay-buen-futuro-para-la-literatura-infantil\/\"]}]},{\"@type\":\"ImageObject\",\"inLanguage\":\"es\",\"@id\":\"https:\/\/irenedelgado.com\/web\/aplij\/hay-buen-futuro-para-la-literatura-infantil\/#primaryimage\",\"url\":\"https:\/\/irenedelgado.com\/web\/wp-content\/uploads\/2018\/11\/adb5fcbb-a441-4d64-9e08-562290d233b5-1.jpg\",\"contentUrl\":\"https:\/\/irenedelgado.com\/web\/wp-content\/uploads\/2018\/11\/adb5fcbb-a441-4d64-9e08-562290d233b5-1.jpg\",\"width\":472,\"height\":272},{\"@type\":\"BreadcrumbList\",\"@id\":\"https:\/\/irenedelgado.com\/web\/aplij\/hay-buen-futuro-para-la-literatura-infantil\/#breadcrumb\",\"itemListElement\":[{\"@type\":\"ListItem\",\"position\":1,\"name\":\"Portada\",\"item\":\"https:\/\/irenedelgado.com\/web\/\"},{\"@type\":\"ListItem\",\"position\":2,\"name\":\"Hay buen futuro para la Literatura Infantil\"}]},{\"@type\":\"WebSite\",\"@id\":\"https:\/\/irenedelgado.com\/web\/#website\",\"url\":\"https:\/\/irenedelgado.com\/web\/\",\"name\":\"Irene Delgado\",\"description\":\"\",\"potentialAction\":[{\"@type\":\"SearchAction\",\"target\":{\"@type\":\"EntryPoint\",\"urlTemplate\":\"https:\/\/irenedelgado.com\/web\/?s={search_term_string}\"},\"query-input\":{\"@type\":\"PropertyValueSpecification\",\"valueRequired\":true,\"valueName\":\"search_term_string\"}}],\"inLanguage\":\"es\"},{\"@type\":\"Person\",\"@id\":\"https:\/\/irenedelgado.com\/web\/#\/schema\/person\/e4f3fac546f7445a408ff620bcd11a24\",\"name\":\"Irene Delgado\",\"image\":{\"@type\":\"ImageObject\",\"inLanguage\":\"es\",\"@id\":\"https:\/\/irenedelgado.com\/web\/#\/schema\/person\/image\/\",\"url\":\"https:\/\/secure.gravatar.com\/avatar\/d8a9c47c02daa8871701c3160100805e6341f96f2976259e611e9b96b9460b25?s=96&d=mm&r=g\",\"contentUrl\":\"https:\/\/secure.gravatar.com\/avatar\/d8a9c47c02daa8871701c3160100805e6341f96f2976259e611e9b96b9460b25?s=96&d=mm&r=g\",\"caption\":\"Irene Delgado\"}}]}<\/script>\n<!-- \/ Yoast SEO plugin. -->","yoast_head_json":{"title":"Hay buen futuro para la Literatura Infantil - Irene Delgado","robots":{"index":"index","follow":"follow","max-snippet":"max-snippet:-1","max-image-preview":"max-image-preview:large","max-video-preview":"max-video-preview:-1"},"canonical":"https:\/\/irenedelgado.com\/web\/aplij\/hay-buen-futuro-para-la-literatura-infantil\/","og_locale":"es_ES","og_type":"article","og_title":"Hay buen futuro para la Literatura Infantil - Irene Delgado","og_description":"Espect\u00e1culos \u2018Hay buen futuro para la literatura infantil \u2018 Erick Marciscano viernes 23 de noviembre de 2018 &#8211; 12:00 a.m. Compartir Leadimiro Gonz\u00e1lez C. lgonzalez@elsiglo.com.pa Irene De Delgado dice que hay autores con talento escribiendo para ni\u00f1os &nbsp; CULTURA Irene De Delgado, adem\u00e1s de ser docente y escritora, es actualmente la presidenta de la Academia [&hellip;]","og_url":"https:\/\/irenedelgado.com\/web\/aplij\/hay-buen-futuro-para-la-literatura-infantil\/","og_site_name":"Irene Delgado","article_published_time":"2018-11-24T22:36:30+00:00","article_modified_time":"2018-12-05T03:11:41+00:00","og_image":[{"width":472,"height":272,"url":"https:\/\/irenedelgado.com\/web\/wp-content\/uploads\/2018\/11\/adb5fcbb-a441-4d64-9e08-562290d233b5-1.jpg","type":"image\/jpeg"}],"author":"Irene Delgado","twitter_card":"summary_large_image","twitter_misc":{"Escrito por":"Irene Delgado","Tiempo de lectura":"2 minutos"},"schema":{"@context":"https:\/\/schema.org","@graph":[{"@type":"Article","@id":"https:\/\/irenedelgado.com\/web\/aplij\/hay-buen-futuro-para-la-literatura-infantil\/#article","isPartOf":{"@id":"https:\/\/irenedelgado.com\/web\/aplij\/hay-buen-futuro-para-la-literatura-infantil\/"},"author":{"name":"Irene Delgado","@id":"https:\/\/irenedelgado.com\/web\/#\/schema\/person\/e4f3fac546f7445a408ff620bcd11a24"},"headline":"Hay buen futuro para la Literatura Infantil","datePublished":"2018-11-24T22:36:30+00:00","dateModified":"2018-12-05T03:11:41+00:00","mainEntityOfPage":{"@id":"https:\/\/irenedelgado.com\/web\/aplij\/hay-buen-futuro-para-la-literatura-infantil\/"},"wordCount":403,"image":{"@id":"https:\/\/irenedelgado.com\/web\/aplij\/hay-buen-futuro-para-la-literatura-infantil\/#primaryimage"},"thumbnailUrl":"https:\/\/irenedelgado.com\/web\/wp-content\/uploads\/2018\/11\/adb5fcbb-a441-4d64-9e08-562290d233b5-1.jpg","articleSection":["Aplij"],"inLanguage":"es"},{"@type":"WebPage","@id":"https:\/\/irenedelgado.com\/web\/aplij\/hay-buen-futuro-para-la-literatura-infantil\/","url":"https:\/\/irenedelgado.com\/web\/aplij\/hay-buen-futuro-para-la-literatura-infantil\/","name":"Hay buen futuro para la Literatura Infantil - Irene Delgado","isPartOf":{"@id":"https:\/\/irenedelgado.com\/web\/#website"},"primaryImageOfPage":{"@id":"https:\/\/irenedelgado.com\/web\/aplij\/hay-buen-futuro-para-la-literatura-infantil\/#primaryimage"},"image":{"@id":"https:\/\/irenedelgado.com\/web\/aplij\/hay-buen-futuro-para-la-literatura-infantil\/#primaryimage"},"thumbnailUrl":"https:\/\/irenedelgado.com\/web\/wp-content\/uploads\/2018\/11\/adb5fcbb-a441-4d64-9e08-562290d233b5-1.jpg","datePublished":"2018-11-24T22:36:30+00:00","dateModified":"2018-12-05T03:11:41+00:00","author":{"@id":"https:\/\/irenedelgado.com\/web\/#\/schema\/person\/e4f3fac546f7445a408ff620bcd11a24"},"breadcrumb":{"@id":"https:\/\/irenedelgado.com\/web\/aplij\/hay-buen-futuro-para-la-literatura-infantil\/#breadcrumb"},"inLanguage":"es","potentialAction":[{"@type":"ReadAction","target":["https:\/\/irenedelgado.com\/web\/aplij\/hay-buen-futuro-para-la-literatura-infantil\/"]}]},{"@type":"ImageObject","inLanguage":"es","@id":"https:\/\/irenedelgado.com\/web\/aplij\/hay-buen-futuro-para-la-literatura-infantil\/#primaryimage","url":"https:\/\/irenedelgado.com\/web\/wp-content\/uploads\/2018\/11\/adb5fcbb-a441-4d64-9e08-562290d233b5-1.jpg","contentUrl":"https:\/\/irenedelgado.com\/web\/wp-content\/uploads\/2018\/11\/adb5fcbb-a441-4d64-9e08-562290d233b5-1.jpg","width":472,"height":272},{"@type":"BreadcrumbList","@id":"https:\/\/irenedelgado.com\/web\/aplij\/hay-buen-futuro-para-la-literatura-infantil\/#breadcrumb","itemListElement":[{"@type":"ListItem","position":1,"name":"Portada","item":"https:\/\/irenedelgado.com\/web\/"},{"@type":"ListItem","position":2,"name":"Hay buen futuro para la Literatura Infantil"}]},{"@type":"WebSite","@id":"https:\/\/irenedelgado.com\/web\/#website","url":"https:\/\/irenedelgado.com\/web\/","name":"Irene Delgado","description":"","potentialAction":[{"@type":"SearchAction","target":{"@type":"EntryPoint","urlTemplate":"https:\/\/irenedelgado.com\/web\/?s={search_term_string}"},"query-input":{"@type":"PropertyValueSpecification","valueRequired":true,"valueName":"search_term_string"}}],"inLanguage":"es"},{"@type":"Person","@id":"https:\/\/irenedelgado.com\/web\/#\/schema\/person\/e4f3fac546f7445a408ff620bcd11a24","name":"Irene Delgado","image":{"@type":"ImageObject","inLanguage":"es","@id":"https:\/\/irenedelgado.com\/web\/#\/schema\/person\/image\/","url":"https:\/\/secure.gravatar.com\/avatar\/d8a9c47c02daa8871701c3160100805e6341f96f2976259e611e9b96b9460b25?s=96&d=mm&r=g","contentUrl":"https:\/\/secure.gravatar.com\/avatar\/d8a9c47c02daa8871701c3160100805e6341f96f2976259e611e9b96b9460b25?s=96&d=mm&r=g","caption":"Irene Delgado"}}]}},"_links":{"self":[{"href":"https:\/\/irenedelgado.com\/web\/wp-json\/wp\/v2\/posts\/410","targetHints":{"allow":["GET"]}}],"collection":[{"href":"https:\/\/irenedelgado.com\/web\/wp-json\/wp\/v2\/posts"}],"about":[{"href":"https:\/\/irenedelgado.com\/web\/wp-json\/wp\/v2\/types\/post"}],"author":[{"embeddable":true,"href":"https:\/\/irenedelgado.com\/web\/wp-json\/wp\/v2\/users\/3"}],"replies":[{"embeddable":true,"href":"https:\/\/irenedelgado.com\/web\/wp-json\/wp\/v2\/comments?post=410"}],"version-history":[{"count":3,"href":"https:\/\/irenedelgado.com\/web\/wp-json\/wp\/v2\/posts\/410\/revisions"}],"predecessor-version":[{"id":421,"href":"https:\/\/irenedelgado.com\/web\/wp-json\/wp\/v2\/posts\/410\/revisions\/421"}],"wp:featuredmedia":[{"embeddable":true,"href":"https:\/\/irenedelgado.com\/web\/wp-json\/wp\/v2\/media\/420"}],"wp:attachment":[{"href":"https:\/\/irenedelgado.com\/web\/wp-json\/wp\/v2\/media?parent=410"}],"wp:term":[{"taxonomy":"category","embeddable":true,"href":"https:\/\/irenedelgado.com\/web\/wp-json\/wp\/v2\/categories?post=410"},{"taxonomy":"post_tag","embeddable":true,"href":"https:\/\/irenedelgado.com\/web\/wp-json\/wp\/v2\/tags?post=410"}],"curies":[{"name":"wp","href":"https:\/\/api.w.org\/{rel}","templated":true}]}}