{"id":359,"date":"2018-06-21T21:49:15","date_gmt":"2018-06-21T21:49:15","guid":{"rendered":"http:\/\/irenedelgado.com\/web\/?p=359"},"modified":"2018-06-21T21:49:15","modified_gmt":"2018-06-21T21:49:15","slug":"seguimos-trabajando-luego-del-encuentro","status":"publish","type":"post","link":"https:\/\/irenedelgado.com\/web\/aplij\/seguimos-trabajando-luego-del-encuentro\/","title":{"rendered":"Seguimos trabajando luego del encuentro"},"content":{"rendered":"<p>Cada uno de los escritores asistentes al Encuentro siguen trabajando desde sus pa\u00edses.<\/p>\n<div><\/div>\n<div>\n<div>\n<style type=\"text\/css\">\n#foogallery-gallery-360 .fg-image { width: 150px; }\n#foogallery-gallery-360 { --fg-gutter: 10px; }<\/style>\n\t\t\t<div class=\"foogallery foogallery-container foogallery-default foogallery-lightbox-foobox fg-center fg-default fg-ready fg-light fg-border-thin fg-shadow-outline fg-loading-default fg-loaded-fade-in fg-caption-hover fg-hover-fade fg-hover-zoom\" id=\"foogallery-gallery-360\" data-foogallery=\"{&quot;item&quot;:{&quot;showCaptionTitle&quot;:true,&quot;showCaptionDescription&quot;:true},&quot;lazy&quot;:true}\" style=\"--fg-title-line-clamp: 0; --fg-description-line-clamp: 0;\" >\n\t<div class=\"fg-item fg-type-image fg-idle\"><figure class=\"fg-item-inner\"><a href=\"https:\/\/irenedelgado.com\/web\/wp-content\/uploads\/2018\/06\/22.jpg\" data-caption-title=\"C\u00edrculo H\u00e9ctor Collado en BINAL dirigido por Carlos Fong\" data-attachment-id=\"361\" data-type=\"image\" class=\"fg-thumb\"><span class=\"fg-image-wrap\"><img decoding=\"async\" title=\"C\u00edrculo H\u00e9ctor Collado en BINAL dirigido por Carlos Fong\" width=\"150\" height=\"150\" class=\"skip-lazy fg-image\" data-src-fg=\"https:\/\/irenedelgado.com\/web\/wp-content\/uploads\/cache\/2018\/06\/22\/2176471630.jpg\" src=\"data:image\/svg+xml,%3Csvg%20xmlns%3D%22http%3A%2F%2Fwww.w3.org%2F2000%2Fsvg%22%20width%3D%22150%22%20height%3D%22150%22%20viewBox%3D%220%200%20150%20150%22%3E%3C%2Fsvg%3E\" loading=\"eager\"><\/span><span class=\"fg-image-overlay\"><\/span><\/a><figcaption class=\"fg-caption\"><div class=\"fg-caption-inner\"><div class=\"fg-caption-title\">C\u00edrculo H\u00e9ctor Collado en BINAL dirigido por Carlos Fong<\/div><\/div><\/figcaption><\/figure><div class=\"fg-loader\"><\/div><\/div><div class=\"fg-item fg-type-image fg-idle\"><figure class=\"fg-item-inner\"><a href=\"https:\/\/irenedelgado.com\/web\/wp-content\/uploads\/2018\/06\/16.jpg\" data-caption-title=\"Irene de Delgado de APLIJ en talleres de creatividad\" data-attachment-id=\"362\" data-type=\"image\" class=\"fg-thumb\"><span class=\"fg-image-wrap\"><img decoding=\"async\" title=\"Irene de Delgado de APLIJ en talleres de creatividad\" width=\"150\" height=\"150\" class=\"skip-lazy fg-image\" data-src-fg=\"https:\/\/irenedelgado.com\/web\/wp-content\/uploads\/cache\/2018\/06\/16\/257212981.jpg\" src=\"data:image\/svg+xml,%3Csvg%20xmlns%3D%22http%3A%2F%2Fwww.w3.org%2F2000%2Fsvg%22%20width%3D%22150%22%20height%3D%22150%22%20viewBox%3D%220%200%20150%20150%22%3E%3C%2Fsvg%3E\" loading=\"eager\"><\/span><span class=\"fg-image-overlay\"><\/span><\/a><figcaption class=\"fg-caption\"><div class=\"fg-caption-inner\"><div class=\"fg-caption-title\">Irene de Delgado de APLIJ en talleres de creatividad<\/div><\/div><\/figcaption><\/figure><div class=\"fg-loader\"><\/div><\/div><div class=\"fg-item fg-type-image fg-idle\"><figure class=\"fg-item-inner\"><a href=\"https:\/\/irenedelgado.com\/web\/wp-content\/uploads\/2018\/06\/13.jpg\" data-caption-title=\"Elsa Canto visita escuelas\" data-attachment-id=\"363\" data-type=\"image\" class=\"fg-thumb\"><span class=\"fg-image-wrap\"><img decoding=\"async\" title=\"Elsa Canto visita escuelas\" width=\"150\" height=\"150\" class=\"skip-lazy fg-image\" data-src-fg=\"https:\/\/irenedelgado.com\/web\/wp-content\/uploads\/cache\/2018\/06\/13\/1454133869.jpg\" src=\"data:image\/svg+xml,%3Csvg%20xmlns%3D%22http%3A%2F%2Fwww.w3.org%2F2000%2Fsvg%22%20width%3D%22150%22%20height%3D%22150%22%20viewBox%3D%220%200%20150%20150%22%3E%3C%2Fsvg%3E\" loading=\"eager\"><\/span><span class=\"fg-image-overlay\"><\/span><\/a><figcaption class=\"fg-caption\"><div class=\"fg-caption-inner\"><div class=\"fg-caption-title\">Elsa Canto visita escuelas<\/div><\/div><\/figcaption><\/figure><div class=\"fg-loader\"><\/div><\/div><div class=\"fg-item fg-type-image fg-idle\"><figure class=\"fg-item-inner\"><a href=\"https:\/\/irenedelgado.com\/web\/wp-content\/uploads\/2018\/06\/10.jpg\" data-caption-title=\"Anayansi de APALEC desde Binal en su Bibliobus\" data-attachment-id=\"364\" data-type=\"image\" class=\"fg-thumb\"><span class=\"fg-image-wrap\"><img decoding=\"async\" title=\"Anayansi de APALEC desde Binal en su Bibliobus\" width=\"150\" height=\"150\" class=\"skip-lazy fg-image\" data-src-fg=\"https:\/\/irenedelgado.com\/web\/wp-content\/uploads\/cache\/2018\/06\/10\/2942865210.jpg\" src=\"data:image\/svg+xml,%3Csvg%20xmlns%3D%22http%3A%2F%2Fwww.w3.org%2F2000%2Fsvg%22%20width%3D%22150%22%20height%3D%22150%22%20viewBox%3D%220%200%20150%20150%22%3E%3C%2Fsvg%3E\" loading=\"eager\"><\/span><span class=\"fg-image-overlay\"><\/span><\/a><figcaption class=\"fg-caption\"><div class=\"fg-caption-inner\"><div class=\"fg-caption-title\">Anayansi de APALEC desde Binal en su Bibliobus<\/div><\/div><\/figcaption><\/figure><div class=\"fg-loader\"><\/div><\/div><div class=\"fg-item fg-type-image fg-idle\"><figure class=\"fg-item-inner\"><a href=\"https:\/\/irenedelgado.com\/web\/wp-content\/uploads\/2018\/06\/7.jpg\" data-caption-title=\"Alberto Pocasangre, lee sus cuentos mientras su hermano artista los ilustra en el momento\" data-attachment-id=\"365\" data-type=\"image\" class=\"fg-thumb\"><span class=\"fg-image-wrap\"><img decoding=\"async\" title=\"Alberto Pocasangre, lee sus cuentos mientras su hermano artista los ilustra en el momento\" width=\"150\" height=\"150\" class=\"skip-lazy fg-image\" data-src-fg=\"https:\/\/irenedelgado.com\/web\/wp-content\/uploads\/cache\/2018\/06\/7\/3268762979.jpg\" src=\"data:image\/svg+xml,%3Csvg%20xmlns%3D%22http%3A%2F%2Fwww.w3.org%2F2000%2Fsvg%22%20width%3D%22150%22%20height%3D%22150%22%20viewBox%3D%220%200%20150%20150%22%3E%3C%2Fsvg%3E\" loading=\"eager\"><\/span><span class=\"fg-image-overlay\"><\/span><\/a><figcaption class=\"fg-caption\"><div class=\"fg-caption-inner\"><div class=\"fg-caption-title\">Alberto Pocasangre, lee sus cuentos mientras su hermano artista los ilustra en el momento<\/div><\/div><\/figcaption><\/figure><div class=\"fg-loader\"><\/div><\/div><div class=\"fg-item fg-type-image fg-idle\"><figure class=\"fg-item-inner\"><a href=\"https:\/\/irenedelgado.com\/web\/wp-content\/uploads\/2018\/06\/27.jpg\" data-caption-title=\"Katia Cardenal desde Nicaragua canta a las embarazadas y sus bebes a\u00fan por nacer\" data-attachment-id=\"367\" data-type=\"image\" class=\"fg-thumb\"><span class=\"fg-image-wrap\"><img decoding=\"async\" title=\"Katia Cardenal desde Nicaragua canta a las embarazadas y sus bebes a\u00fan por nacer\" width=\"150\" height=\"150\" class=\"skip-lazy fg-image\" data-src-fg=\"https:\/\/irenedelgado.com\/web\/wp-content\/uploads\/cache\/2018\/06\/27\/2936608930.jpg\" src=\"data:image\/svg+xml,%3Csvg%20xmlns%3D%22http%3A%2F%2Fwww.w3.org%2F2000%2Fsvg%22%20width%3D%22150%22%20height%3D%22150%22%20viewBox%3D%220%200%20150%20150%22%3E%3C%2Fsvg%3E\" loading=\"eager\"><\/span><span class=\"fg-image-overlay\"><\/span><\/a><figcaption class=\"fg-caption\"><div class=\"fg-caption-inner\"><div class=\"fg-caption-title\">Katia Cardenal desde Nicaragua canta a las embarazadas y sus bebes a\u00fan por nacer<\/div><\/div><\/figcaption><\/figure><div class=\"fg-loader\"><\/div><\/div><div class=\"fg-item fg-type-image fg-idle\"><figure class=\"fg-item-inner\"><a href=\"https:\/\/irenedelgado.com\/web\/wp-content\/uploads\/2018\/06\/26.jpg\" data-caption-title=\"La joven ilustradora costarricense Ruth Angulo con estudiantes\" data-attachment-id=\"368\" data-type=\"image\" class=\"fg-thumb\"><span class=\"fg-image-wrap\"><img decoding=\"async\" title=\"La joven ilustradora costarricense Ruth Angulo con estudiantes\" width=\"150\" height=\"150\" class=\"skip-lazy fg-image\" data-src-fg=\"https:\/\/irenedelgado.com\/web\/wp-content\/uploads\/cache\/2018\/06\/26\/2620142440.jpg\" src=\"data:image\/svg+xml,%3Csvg%20xmlns%3D%22http%3A%2F%2Fwww.w3.org%2F2000%2Fsvg%22%20width%3D%22150%22%20height%3D%22150%22%20viewBox%3D%220%200%20150%20150%22%3E%3C%2Fsvg%3E\" loading=\"eager\"><\/span><span class=\"fg-image-overlay\"><\/span><\/a><figcaption class=\"fg-caption\"><div class=\"fg-caption-inner\"><div class=\"fg-caption-title\">La joven ilustradora costarricense Ruth Angulo con estudiantes<\/div><\/div><\/figcaption><\/figure><div class=\"fg-loader\"><\/div><\/div><div class=\"fg-item fg-type-image fg-idle\"><figure class=\"fg-item-inner\"><a href=\"https:\/\/irenedelgado.com\/web\/wp-content\/uploads\/2018\/06\/25.jpg\" data-caption-title=\"Otro premio para Alberto Pocasangre de El Salvador\" data-attachment-id=\"369\" data-type=\"image\" class=\"fg-thumb\"><span class=\"fg-image-wrap\"><img decoding=\"async\" title=\"Otro premio para Alberto Pocasangre de El Salvador\" width=\"150\" height=\"150\" class=\"skip-lazy fg-image\" data-src-fg=\"https:\/\/irenedelgado.com\/web\/wp-content\/uploads\/cache\/2018\/06\/25\/62630583.jpg\" src=\"data:image\/svg+xml,%3Csvg%20xmlns%3D%22http%3A%2F%2Fwww.w3.org%2F2000%2Fsvg%22%20width%3D%22150%22%20height%3D%22150%22%20viewBox%3D%220%200%20150%20150%22%3E%3C%2Fsvg%3E\" loading=\"eager\"><\/span><span class=\"fg-image-overlay\"><\/span><\/a><figcaption class=\"fg-caption\"><div class=\"fg-caption-inner\"><div class=\"fg-caption-title\">Otro premio para Alberto Pocasangre de El Salvador<\/div><\/div><\/figcaption><\/figure><div class=\"fg-loader\"><\/div><\/div><div class=\"fg-item fg-type-image fg-idle\"><figure class=\"fg-item-inner\"><a href=\"https:\/\/irenedelgado.com\/web\/wp-content\/uploads\/2018\/06\/24.jpg\" data-caption-title=\"Desde Honduras, CANTARRANAS lectura de cuentos por Elisa Logan\" data-attachment-id=\"370\" data-type=\"image\" class=\"fg-thumb\"><span class=\"fg-image-wrap\"><img decoding=\"async\" title=\"Desde Honduras, CANTARRANAS lectura de cuentos por Elisa Logan\" width=\"150\" height=\"150\" class=\"skip-lazy fg-image\" data-src-fg=\"https:\/\/irenedelgado.com\/web\/wp-content\/uploads\/cache\/2018\/06\/24\/2041815532.jpg\" src=\"data:image\/svg+xml,%3Csvg%20xmlns%3D%22http%3A%2F%2Fwww.w3.org%2F2000%2Fsvg%22%20width%3D%22150%22%20height%3D%22150%22%20viewBox%3D%220%200%20150%20150%22%3E%3C%2Fsvg%3E\" loading=\"eager\"><\/span><span class=\"fg-image-overlay\"><\/span><\/a><figcaption class=\"fg-caption\"><div class=\"fg-caption-inner\"><div class=\"fg-caption-title\">Desde Honduras, CANTARRANAS lectura de cuentos por Elisa Logan<\/div><\/div><\/figcaption><\/figure><div class=\"fg-loader\"><\/div><\/div><div class=\"fg-item fg-type-image fg-idle\"><figure class=\"fg-item-inner\"><a href=\"https:\/\/irenedelgado.com\/web\/wp-content\/uploads\/2018\/06\/23.jpg\" data-caption-title=\"Victor Ramos se dirige a estudiantes desde Honduras\" data-attachment-id=\"371\" data-type=\"image\" class=\"fg-thumb\"><span class=\"fg-image-wrap\"><img decoding=\"async\" title=\"Victor Ramos se dirige a estudiantes desde Honduras\" width=\"150\" height=\"150\" class=\"skip-lazy fg-image\" data-src-fg=\"https:\/\/irenedelgado.com\/web\/wp-content\/uploads\/cache\/2018\/06\/23\/1651390153.jpg\" src=\"data:image\/svg+xml,%3Csvg%20xmlns%3D%22http%3A%2F%2Fwww.w3.org%2F2000%2Fsvg%22%20width%3D%22150%22%20height%3D%22150%22%20viewBox%3D%220%200%20150%20150%22%3E%3C%2Fsvg%3E\" loading=\"eager\"><\/span><span class=\"fg-image-overlay\"><\/span><\/a><figcaption class=\"fg-caption\"><div class=\"fg-caption-inner\"><div class=\"fg-caption-title\">Victor Ramos se dirige a estudiantes desde Honduras<\/div><\/div><\/figcaption><\/figure><div class=\"fg-loader\"><\/div><\/div><div class=\"fg-item fg-type-image fg-idle\"><figure class=\"fg-item-inner\"><a href=\"https:\/\/irenedelgado.com\/web\/wp-content\/uploads\/2018\/06\/30.jpg\" data-caption-title=\"PENONOM\u00c9 DE ANTA\u00d1O\" data-attachment-id=\"372\" data-type=\"image\" class=\"fg-thumb\"><span class=\"fg-image-wrap\"><img decoding=\"async\" title=\"PENONOM\u00c9 DE ANTA\u00d1O\" width=\"150\" height=\"150\" class=\"skip-lazy fg-image\" data-src-fg=\"https:\/\/irenedelgado.com\/web\/wp-content\/uploads\/cache\/2018\/06\/30\/3367208749.jpg\" src=\"data:image\/svg+xml,%3Csvg%20xmlns%3D%22http%3A%2F%2Fwww.w3.org%2F2000%2Fsvg%22%20width%3D%22150%22%20height%3D%22150%22%20viewBox%3D%220%200%20150%20150%22%3E%3C%2Fsvg%3E\" loading=\"eager\"><\/span><span class=\"fg-image-overlay\"><\/span><\/a><figcaption class=\"fg-caption\"><div class=\"fg-caption-inner\"><div class=\"fg-caption-title\">PENONOM\u00c9 DE ANTA\u00d1O<\/div><\/div><\/figcaption><\/figure><div class=\"fg-loader\"><\/div><\/div><div class=\"fg-item fg-type-image fg-idle\"><figure class=\"fg-item-inner\"><a href=\"https:\/\/irenedelgado.com\/web\/wp-content\/uploads\/2018\/06\/29.jpg\" data-caption-title=\"PENONOME EN ABRIL. LIBROS CENTROAMERICANOS. DAGOGERTO CHUNG, ALBERTO POCASANGRE Y FRIEDA MORALES\" data-attachment-id=\"373\" data-type=\"image\" class=\"fg-thumb\"><span class=\"fg-image-wrap\"><img decoding=\"async\" title=\"PENONOME EN ABRIL. LIBROS CENTROAMERICANOS. DAGOGERTO CHUNG, ALBERTO POCASANGRE Y FRIEDA MORALES\" width=\"150\" height=\"150\" class=\"skip-lazy fg-image\" data-src-fg=\"https:\/\/irenedelgado.com\/web\/wp-content\/uploads\/cache\/2018\/06\/29\/3516864121.jpg\" src=\"data:image\/svg+xml,%3Csvg%20xmlns%3D%22http%3A%2F%2Fwww.w3.org%2F2000%2Fsvg%22%20width%3D%22150%22%20height%3D%22150%22%20viewBox%3D%220%200%20150%20150%22%3E%3C%2Fsvg%3E\" loading=\"eager\"><\/span><span class=\"fg-image-overlay\"><\/span><\/a><figcaption class=\"fg-caption\"><div class=\"fg-caption-inner\"><div class=\"fg-caption-title\">PENONOME EN ABRIL. LIBROS CENTROAMERICANOS. DAGOGERTO CHUNG, ALBERTO POCASANGRE Y FRIEDA MORALES<\/div><\/div><\/figcaption><\/figure><div class=\"fg-loader\"><\/div><\/div><div class=\"fg-item fg-type-image fg-idle\"><figure class=\"fg-item-inner\"><a href=\"https:\/\/irenedelgado.com\/web\/wp-content\/uploads\/2018\/06\/37.jpg\" data-caption-title=\"LIL MARIE HERRERA\" data-attachment-id=\"374\" data-type=\"image\" class=\"fg-thumb\"><span class=\"fg-image-wrap\"><img decoding=\"async\" title=\"LIL MARIE HERRERA\" width=\"150\" height=\"150\" class=\"skip-lazy fg-image\" data-src-fg=\"https:\/\/irenedelgado.com\/web\/wp-content\/uploads\/cache\/2018\/06\/37\/2753940156.jpg\" src=\"data:image\/svg+xml,%3Csvg%20xmlns%3D%22http%3A%2F%2Fwww.w3.org%2F2000%2Fsvg%22%20width%3D%22150%22%20height%3D%22150%22%20viewBox%3D%220%200%20150%20150%22%3E%3C%2Fsvg%3E\" loading=\"eager\"><\/span><span class=\"fg-image-overlay\"><\/span><\/a><figcaption class=\"fg-caption\"><div class=\"fg-caption-inner\"><div class=\"fg-caption-title\">LIL MARIE HERRERA<\/div><\/div><\/figcaption><\/figure><div class=\"fg-loader\"><\/div><\/div><div class=\"fg-item fg-type-image fg-idle\"><figure class=\"fg-item-inner\"><a href=\"https:\/\/irenedelgado.com\/web\/wp-content\/uploads\/2018\/06\/36.jpg\" data-caption-title=\"DIRECTIVA DE APLIJ CON ESCRITOR CARLOS RUBIO DE COSTA RICA\" data-attachment-id=\"375\" data-type=\"image\" class=\"fg-thumb\"><span class=\"fg-image-wrap\"><img decoding=\"async\" title=\"DIRECTIVA DE APLIJ CON ESCRITOR CARLOS RUBIO DE COSTA RICA\" width=\"150\" height=\"150\" class=\"skip-lazy fg-image\" data-src-fg=\"https:\/\/irenedelgado.com\/web\/wp-content\/uploads\/cache\/2018\/06\/36\/2039960606.jpg\" src=\"data:image\/svg+xml,%3Csvg%20xmlns%3D%22http%3A%2F%2Fwww.w3.org%2F2000%2Fsvg%22%20width%3D%22150%22%20height%3D%22150%22%20viewBox%3D%220%200%20150%20150%22%3E%3C%2Fsvg%3E\" loading=\"eager\"><\/span><span class=\"fg-image-overlay\"><\/span><\/a><figcaption class=\"fg-caption\"><div class=\"fg-caption-inner\"><div class=\"fg-caption-title\">DIRECTIVA DE APLIJ CON ESCRITOR CARLOS RUBIO DE COSTA RICA<\/div><\/div><\/figcaption><\/figure><div class=\"fg-loader\"><\/div><\/div><div class=\"fg-item fg-type-image fg-idle\"><figure class=\"fg-item-inner\"><a href=\"https:\/\/irenedelgado.com\/web\/wp-content\/uploads\/2018\/06\/35.jpg\" data-caption-title=\"FAMILIARES DE SOF\u00cdA QUIR\u00d3S DE TEJEIRA EN LA ESCUELA PENONOME\u00d1A QUE LLEVA SU NOMBRE\" data-attachment-id=\"376\" data-type=\"image\" class=\"fg-thumb\"><span class=\"fg-image-wrap\"><img decoding=\"async\" title=\"FAMILIARES DE SOF\u00cdA QUIR\u00d3S DE TEJEIRA EN LA ESCUELA PENONOME\u00d1A QUE LLEVA SU NOMBRE\" width=\"150\" height=\"150\" class=\"skip-lazy fg-image\" data-src-fg=\"https:\/\/irenedelgado.com\/web\/wp-content\/uploads\/cache\/2018\/06\/35\/3291607481.jpg\" src=\"data:image\/svg+xml,%3Csvg%20xmlns%3D%22http%3A%2F%2Fwww.w3.org%2F2000%2Fsvg%22%20width%3D%22150%22%20height%3D%22150%22%20viewBox%3D%220%200%20150%20150%22%3E%3C%2Fsvg%3E\" loading=\"eager\"><\/span><span class=\"fg-image-overlay\"><\/span><\/a><figcaption class=\"fg-caption\"><div class=\"fg-caption-inner\"><div class=\"fg-caption-title\">FAMILIARES DE SOF\u00cdA QUIR\u00d3S DE TEJEIRA EN LA ESCUELA PENONOME\u00d1A QUE LLEVA SU NOMBRE<\/div><\/div><\/figcaption><\/figure><div class=\"fg-loader\"><\/div><\/div><div class=\"fg-item fg-type-image fg-idle\"><figure class=\"fg-item-inner\"><a href=\"https:\/\/irenedelgado.com\/web\/wp-content\/uploads\/2018\/06\/34.jpg\" data-caption-title=\"EL MAESTRO OLOGWAGDI PRESENTA A CARLOS RUBIO DE COSTA RICA UN RETRATO HECHO POR \u00c9L\" data-attachment-id=\"377\" data-type=\"image\" class=\"fg-thumb\"><span class=\"fg-image-wrap\"><img decoding=\"async\" title=\"EL MAESTRO OLOGWAGDI PRESENTA A CARLOS RUBIO DE COSTA RICA UN RETRATO HECHO POR \u00c9L\" width=\"150\" height=\"150\" class=\"skip-lazy fg-image\" data-src-fg=\"https:\/\/irenedelgado.com\/web\/wp-content\/uploads\/cache\/2018\/06\/34\/428044059.jpg\" src=\"data:image\/svg+xml,%3Csvg%20xmlns%3D%22http%3A%2F%2Fwww.w3.org%2F2000%2Fsvg%22%20width%3D%22150%22%20height%3D%22150%22%20viewBox%3D%220%200%20150%20150%22%3E%3C%2Fsvg%3E\" loading=\"eager\"><\/span><span class=\"fg-image-overlay\"><\/span><\/a><figcaption class=\"fg-caption\"><div class=\"fg-caption-inner\"><div class=\"fg-caption-title\">EL MAESTRO OLOGWAGDI PRESENTA A CARLOS RUBIO DE COSTA RICA UN RETRATO HECHO POR \u00c9L<\/div><\/div><\/figcaption><\/figure><div class=\"fg-loader\"><\/div><\/div><div class=\"fg-item fg-type-image fg-idle\"><figure class=\"fg-item-inner\"><a href=\"https:\/\/irenedelgado.com\/web\/wp-content\/uploads\/2018\/06\/33.jpg\" data-caption-title=\"VICKY RAMOS DE COSTA RICA EN TALLER DE ILUSTRACI\u00d3N\" data-attachment-id=\"378\" data-type=\"image\" class=\"fg-thumb\"><span class=\"fg-image-wrap\"><img decoding=\"async\" title=\"VICKY RAMOS DE COSTA RICA EN TALLER DE ILUSTRACI\u00d3N\" width=\"150\" height=\"150\" class=\"skip-lazy fg-image\" data-src-fg=\"https:\/\/irenedelgado.com\/web\/wp-content\/uploads\/cache\/2018\/06\/33\/3972615510.jpg\" src=\"data:image\/svg+xml,%3Csvg%20xmlns%3D%22http%3A%2F%2Fwww.w3.org%2F2000%2Fsvg%22%20width%3D%22150%22%20height%3D%22150%22%20viewBox%3D%220%200%20150%20150%22%3E%3C%2Fsvg%3E\" loading=\"eager\"><\/span><span class=\"fg-image-overlay\"><\/span><\/a><figcaption class=\"fg-caption\"><div class=\"fg-caption-inner\"><div class=\"fg-caption-title\">VICKY RAMOS DE COSTA RICA EN TALLER DE ILUSTRACI\u00d3N<\/div><\/div><\/figcaption><\/figure><div class=\"fg-loader\"><\/div><\/div><div class=\"fg-item fg-type-image fg-idle\"><figure class=\"fg-item-inner\"><a href=\"https:\/\/irenedelgado.com\/web\/wp-content\/uploads\/2018\/06\/31.jpg\" data-caption-title=\"IRENE DE APLIJ EXPONIENDO CONCLUSIONES POR PANAMA\" data-attachment-id=\"379\" data-type=\"image\" class=\"fg-thumb\"><span class=\"fg-image-wrap\"><img decoding=\"async\" title=\"IRENE DE APLIJ EXPONIENDO CONCLUSIONES POR PANAMA\" width=\"150\" height=\"150\" class=\"skip-lazy fg-image\" data-src-fg=\"https:\/\/irenedelgado.com\/web\/wp-content\/uploads\/cache\/2018\/06\/31\/3220493335.jpg\" src=\"data:image\/svg+xml,%3Csvg%20xmlns%3D%22http%3A%2F%2Fwww.w3.org%2F2000%2Fsvg%22%20width%3D%22150%22%20height%3D%22150%22%20viewBox%3D%220%200%20150%20150%22%3E%3C%2Fsvg%3E\" loading=\"eager\"><\/span><span class=\"fg-image-overlay\"><\/span><\/a><figcaption class=\"fg-caption\"><div class=\"fg-caption-inner\"><div class=\"fg-caption-title\">IRENE DE APLIJ EXPONIENDO CONCLUSIONES POR PANAMA<\/div><\/div><\/figcaption><\/figure><div class=\"fg-loader\"><\/div><\/div><\/div>\n\n<\/div>\n<\/div>\n","protected":false},"excerpt":{"rendered":"<p>Cada uno de los escritores asistentes al Encuentro siguen trabajando desde sus pa\u00edses.<\/p>\n","protected":false},"author":2,"featured_media":362,"comment_status":"closed","ping_status":"closed","sticky":false,"template":"","format":"standard","meta":{"_acf_changed":false,"footnotes":""},"categories":[5],"tags":[],"class_list":["post-359","post","type-post","status-publish","format-standard","has-post-thumbnail","hentry","category-aplij"],"acf":[],"yoast_head":"<!-- This site is optimized with the Yoast SEO plugin v27.1.1 - https:\/\/yoast.com\/product\/yoast-seo-wordpress\/ -->\n<title>Seguimos trabajando luego del encuentro - Irene Delgado<\/title>\n<meta name=\"robots\" content=\"index, follow, max-snippet:-1, max-image-preview:large, max-video-preview:-1\" \/>\n<link rel=\"canonical\" href=\"https:\/\/irenedelgado.com\/web\/aplij\/seguimos-trabajando-luego-del-encuentro\/\" \/>\n<meta property=\"og:locale\" content=\"es_ES\" \/>\n<meta property=\"og:type\" content=\"article\" \/>\n<meta property=\"og:title\" content=\"Seguimos trabajando luego del encuentro - Irene Delgado\" \/>\n<meta property=\"og:description\" content=\"Cada uno de los escritores asistentes al Encuentro siguen trabajando desde sus pa\u00edses.\" \/>\n<meta property=\"og:url\" content=\"https:\/\/irenedelgado.com\/web\/aplij\/seguimos-trabajando-luego-del-encuentro\/\" \/>\n<meta property=\"og:site_name\" content=\"Irene Delgado\" \/>\n<meta property=\"article:published_time\" content=\"2018-06-21T21:49:15+00:00\" \/>\n<meta property=\"og:image\" content=\"https:\/\/irenedelgado.com\/web\/wp-content\/uploads\/2018\/06\/16.jpg\" \/>\n\t<meta property=\"og:image:width\" content=\"921\" \/>\n\t<meta property=\"og:image:height\" content=\"690\" \/>\n\t<meta property=\"og:image:type\" content=\"image\/jpeg\" \/>\n<meta name=\"twitter:card\" content=\"summary_large_image\" \/>\n<meta name=\"twitter:label1\" content=\"Escrito por\" \/>\n\t<meta name=\"twitter:data1\" content=\"\" \/>\n<script type=\"application\/ld+json\" class=\"yoast-schema-graph\">{\"@context\":\"https:\/\/schema.org\",\"@graph\":[{\"@type\":\"Article\",\"@id\":\"https:\/\/irenedelgado.com\/web\/aplij\/seguimos-trabajando-luego-del-encuentro\/#article\",\"isPartOf\":{\"@id\":\"https:\/\/irenedelgado.com\/web\/aplij\/seguimos-trabajando-luego-del-encuentro\/\"},\"author\":{\"name\":\"\",\"@id\":\"\"},\"headline\":\"Seguimos trabajando luego del encuentro\",\"datePublished\":\"2018-06-21T21:49:15+00:00\",\"mainEntityOfPage\":{\"@id\":\"https:\/\/irenedelgado.com\/web\/aplij\/seguimos-trabajando-luego-del-encuentro\/\"},\"wordCount\":21,\"image\":{\"@id\":\"https:\/\/irenedelgado.com\/web\/aplij\/seguimos-trabajando-luego-del-encuentro\/#primaryimage\"},\"thumbnailUrl\":\"https:\/\/irenedelgado.com\/web\/wp-content\/uploads\/2018\/06\/16.jpg\",\"articleSection\":[\"Aplij\"],\"inLanguage\":\"es\"},{\"@type\":\"WebPage\",\"@id\":\"https:\/\/irenedelgado.com\/web\/aplij\/seguimos-trabajando-luego-del-encuentro\/\",\"url\":\"https:\/\/irenedelgado.com\/web\/aplij\/seguimos-trabajando-luego-del-encuentro\/\",\"name\":\"Seguimos trabajando luego del encuentro - Irene Delgado\",\"isPartOf\":{\"@id\":\"https:\/\/irenedelgado.com\/web\/#website\"},\"primaryImageOfPage\":{\"@id\":\"https:\/\/irenedelgado.com\/web\/aplij\/seguimos-trabajando-luego-del-encuentro\/#primaryimage\"},\"image\":{\"@id\":\"https:\/\/irenedelgado.com\/web\/aplij\/seguimos-trabajando-luego-del-encuentro\/#primaryimage\"},\"thumbnailUrl\":\"https:\/\/irenedelgado.com\/web\/wp-content\/uploads\/2018\/06\/16.jpg\",\"datePublished\":\"2018-06-21T21:49:15+00:00\",\"author\":{\"@id\":\"\"},\"breadcrumb\":{\"@id\":\"https:\/\/irenedelgado.com\/web\/aplij\/seguimos-trabajando-luego-del-encuentro\/#breadcrumb\"},\"inLanguage\":\"es\",\"potentialAction\":[{\"@type\":\"ReadAction\",\"target\":[\"https:\/\/irenedelgado.com\/web\/aplij\/seguimos-trabajando-luego-del-encuentro\/\"]}]},{\"@type\":\"ImageObject\",\"inLanguage\":\"es\",\"@id\":\"https:\/\/irenedelgado.com\/web\/aplij\/seguimos-trabajando-luego-del-encuentro\/#primaryimage\",\"url\":\"https:\/\/irenedelgado.com\/web\/wp-content\/uploads\/2018\/06\/16.jpg\",\"contentUrl\":\"https:\/\/irenedelgado.com\/web\/wp-content\/uploads\/2018\/06\/16.jpg\",\"width\":921,\"height\":690,\"caption\":\"Irene de Delgado de APLIJ en talleres de creatividad\"},{\"@type\":\"BreadcrumbList\",\"@id\":\"https:\/\/irenedelgado.com\/web\/aplij\/seguimos-trabajando-luego-del-encuentro\/#breadcrumb\",\"itemListElement\":[{\"@type\":\"ListItem\",\"position\":1,\"name\":\"Portada\",\"item\":\"https:\/\/irenedelgado.com\/web\/\"},{\"@type\":\"ListItem\",\"position\":2,\"name\":\"Seguimos trabajando luego del encuentro\"}]},{\"@type\":\"WebSite\",\"@id\":\"https:\/\/irenedelgado.com\/web\/#website\",\"url\":\"https:\/\/irenedelgado.com\/web\/\",\"name\":\"Irene Delgado\",\"description\":\"\",\"potentialAction\":[{\"@type\":\"SearchAction\",\"target\":{\"@type\":\"EntryPoint\",\"urlTemplate\":\"https:\/\/irenedelgado.com\/web\/?s={search_term_string}\"},\"query-input\":{\"@type\":\"PropertyValueSpecification\",\"valueRequired\":true,\"valueName\":\"search_term_string\"}}],\"inLanguage\":\"es\"},{\"@type\":\"Person\",\"@id\":\"\"}]}<\/script>\n<!-- \/ Yoast SEO plugin. -->","yoast_head_json":{"title":"Seguimos trabajando luego del encuentro - Irene Delgado","robots":{"index":"index","follow":"follow","max-snippet":"max-snippet:-1","max-image-preview":"max-image-preview:large","max-video-preview":"max-video-preview:-1"},"canonical":"https:\/\/irenedelgado.com\/web\/aplij\/seguimos-trabajando-luego-del-encuentro\/","og_locale":"es_ES","og_type":"article","og_title":"Seguimos trabajando luego del encuentro - Irene Delgado","og_description":"Cada uno de los escritores asistentes al Encuentro siguen trabajando desde sus pa\u00edses.","og_url":"https:\/\/irenedelgado.com\/web\/aplij\/seguimos-trabajando-luego-del-encuentro\/","og_site_name":"Irene Delgado","article_published_time":"2018-06-21T21:49:15+00:00","og_image":[{"width":921,"height":690,"url":"https:\/\/irenedelgado.com\/web\/wp-content\/uploads\/2018\/06\/16.jpg","type":"image\/jpeg"}],"twitter_card":"summary_large_image","twitter_misc":{"Escrito por":""},"schema":{"@context":"https:\/\/schema.org","@graph":[{"@type":"Article","@id":"https:\/\/irenedelgado.com\/web\/aplij\/seguimos-trabajando-luego-del-encuentro\/#article","isPartOf":{"@id":"https:\/\/irenedelgado.com\/web\/aplij\/seguimos-trabajando-luego-del-encuentro\/"},"author":{"name":"","@id":""},"headline":"Seguimos trabajando luego del encuentro","datePublished":"2018-06-21T21:49:15+00:00","mainEntityOfPage":{"@id":"https:\/\/irenedelgado.com\/web\/aplij\/seguimos-trabajando-luego-del-encuentro\/"},"wordCount":21,"image":{"@id":"https:\/\/irenedelgado.com\/web\/aplij\/seguimos-trabajando-luego-del-encuentro\/#primaryimage"},"thumbnailUrl":"https:\/\/irenedelgado.com\/web\/wp-content\/uploads\/2018\/06\/16.jpg","articleSection":["Aplij"],"inLanguage":"es"},{"@type":"WebPage","@id":"https:\/\/irenedelgado.com\/web\/aplij\/seguimos-trabajando-luego-del-encuentro\/","url":"https:\/\/irenedelgado.com\/web\/aplij\/seguimos-trabajando-luego-del-encuentro\/","name":"Seguimos trabajando luego del encuentro - Irene Delgado","isPartOf":{"@id":"https:\/\/irenedelgado.com\/web\/#website"},"primaryImageOfPage":{"@id":"https:\/\/irenedelgado.com\/web\/aplij\/seguimos-trabajando-luego-del-encuentro\/#primaryimage"},"image":{"@id":"https:\/\/irenedelgado.com\/web\/aplij\/seguimos-trabajando-luego-del-encuentro\/#primaryimage"},"thumbnailUrl":"https:\/\/irenedelgado.com\/web\/wp-content\/uploads\/2018\/06\/16.jpg","datePublished":"2018-06-21T21:49:15+00:00","author":{"@id":""},"breadcrumb":{"@id":"https:\/\/irenedelgado.com\/web\/aplij\/seguimos-trabajando-luego-del-encuentro\/#breadcrumb"},"inLanguage":"es","potentialAction":[{"@type":"ReadAction","target":["https:\/\/irenedelgado.com\/web\/aplij\/seguimos-trabajando-luego-del-encuentro\/"]}]},{"@type":"ImageObject","inLanguage":"es","@id":"https:\/\/irenedelgado.com\/web\/aplij\/seguimos-trabajando-luego-del-encuentro\/#primaryimage","url":"https:\/\/irenedelgado.com\/web\/wp-content\/uploads\/2018\/06\/16.jpg","contentUrl":"https:\/\/irenedelgado.com\/web\/wp-content\/uploads\/2018\/06\/16.jpg","width":921,"height":690,"caption":"Irene de Delgado de APLIJ en talleres de creatividad"},{"@type":"BreadcrumbList","@id":"https:\/\/irenedelgado.com\/web\/aplij\/seguimos-trabajando-luego-del-encuentro\/#breadcrumb","itemListElement":[{"@type":"ListItem","position":1,"name":"Portada","item":"https:\/\/irenedelgado.com\/web\/"},{"@type":"ListItem","position":2,"name":"Seguimos trabajando luego del encuentro"}]},{"@type":"WebSite","@id":"https:\/\/irenedelgado.com\/web\/#website","url":"https:\/\/irenedelgado.com\/web\/","name":"Irene Delgado","description":"","potentialAction":[{"@type":"SearchAction","target":{"@type":"EntryPoint","urlTemplate":"https:\/\/irenedelgado.com\/web\/?s={search_term_string}"},"query-input":{"@type":"PropertyValueSpecification","valueRequired":true,"valueName":"search_term_string"}}],"inLanguage":"es"},{"@type":"Person","@id":""}]}},"_links":{"self":[{"href":"https:\/\/irenedelgado.com\/web\/wp-json\/wp\/v2\/posts\/359","targetHints":{"allow":["GET"]}}],"collection":[{"href":"https:\/\/irenedelgado.com\/web\/wp-json\/wp\/v2\/posts"}],"about":[{"href":"https:\/\/irenedelgado.com\/web\/wp-json\/wp\/v2\/types\/post"}],"author":[{"embeddable":true,"href":"https:\/\/irenedelgado.com\/web\/wp-json\/wp\/v2\/users\/2"}],"replies":[{"embeddable":true,"href":"https:\/\/irenedelgado.com\/web\/wp-json\/wp\/v2\/comments?post=359"}],"version-history":[{"count":1,"href":"https:\/\/irenedelgado.com\/web\/wp-json\/wp\/v2\/posts\/359\/revisions"}],"predecessor-version":[{"id":366,"href":"https:\/\/irenedelgado.com\/web\/wp-json\/wp\/v2\/posts\/359\/revisions\/366"}],"wp:featuredmedia":[{"embeddable":true,"href":"https:\/\/irenedelgado.com\/web\/wp-json\/wp\/v2\/media\/362"}],"wp:attachment":[{"href":"https:\/\/irenedelgado.com\/web\/wp-json\/wp\/v2\/media?parent=359"}],"wp:term":[{"taxonomy":"category","embeddable":true,"href":"https:\/\/irenedelgado.com\/web\/wp-json\/wp\/v2\/categories?post=359"},{"taxonomy":"post_tag","embeddable":true,"href":"https:\/\/irenedelgado.com\/web\/wp-json\/wp\/v2\/tags?post=359"}],"curies":[{"name":"wp","href":"https:\/\/api.w.org\/{rel}","templated":true}]}}