{"id":342,"date":"2018-06-21T21:29:03","date_gmt":"2018-06-21T21:29:03","guid":{"rendered":"http:\/\/irenedelgado.com\/web\/?p=342"},"modified":"2018-06-21T21:33:18","modified_gmt":"2018-06-21T21:33:18","slug":"solidaridad-con-nicaragua","status":"publish","type":"post","link":"https:\/\/irenedelgado.com\/web\/novedades\/solidaridad-con-nicaragua\/","title":{"rendered":"Solidaridad con Nicaragua"},"content":{"rendered":"<p>Al llegarnos la noticia, por medios de comunicaci\u00f3n tradicionales y medios independientes, sobre los hechos de represi\u00f3n en la hermana Rep\u00fablica de Nicaragua, sostenemos solidaridad con el pueblo nicarag\u00fcense.<\/p>\n<p><img loading=\"lazy\" decoding=\"async\" class=\"aligncenter wp-image-343 size-large\" src=\"https:\/\/irenedelgado.com\/web\/wp-content\/uploads\/2018\/06\/18-725x1024.jpg\" alt=\"\" width=\"725\" height=\"1024\" srcset=\"https:\/\/irenedelgado.com\/web\/wp-content\/uploads\/2018\/06\/18-725x1024.jpg 725w, https:\/\/irenedelgado.com\/web\/wp-content\/uploads\/2018\/06\/18-212x300.jpg 212w, https:\/\/irenedelgado.com\/web\/wp-content\/uploads\/2018\/06\/18-768x1085.jpg 768w, https:\/\/irenedelgado.com\/web\/wp-content\/uploads\/2018\/06\/18.jpg 921w\" sizes=\"auto, (max-width: 725px) 100vw, 725px\" \/><\/p>\n","protected":false},"excerpt":{"rendered":"<p>Al llegarnos la noticia, por medios de comunicaci\u00f3n tradicionales y medios independientes, sobre los hechos de represi\u00f3n en la hermana Rep\u00fablica de Nicaragua, sostenemos solidaridad con el pueblo nicarag\u00fcense.<\/p>\n","protected":false},"author":2,"featured_media":343,"comment_status":"closed","ping_status":"closed","sticky":false,"template":"","format":"standard","meta":{"_acf_changed":false,"footnotes":""},"categories":[4],"tags":[],"class_list":["post-342","post","type-post","status-publish","format-standard","has-post-thumbnail","hentry","category-novedades"],"acf":[],"yoast_head":"<!-- This site is optimized with the Yoast SEO plugin v27.1.1 - https:\/\/yoast.com\/product\/yoast-seo-wordpress\/ -->\n<title>Solidaridad con Nicaragua - Irene Delgado<\/title>\n<meta name=\"robots\" content=\"index, follow, max-snippet:-1, max-image-preview:large, max-video-preview:-1\" \/>\n<link rel=\"canonical\" href=\"https:\/\/irenedelgado.com\/web\/novedades\/solidaridad-con-nicaragua\/\" \/>\n<meta property=\"og:locale\" content=\"es_ES\" \/>\n<meta property=\"og:type\" content=\"article\" \/>\n<meta property=\"og:title\" content=\"Solidaridad con Nicaragua - Irene Delgado\" \/>\n<meta property=\"og:description\" content=\"Al llegarnos la noticia, por medios de comunicaci\u00f3n tradicionales y medios independientes, sobre los hechos de represi\u00f3n en la hermana Rep\u00fablica de Nicaragua, sostenemos solidaridad con el pueblo nicarag\u00fcense.\" \/>\n<meta property=\"og:url\" content=\"https:\/\/irenedelgado.com\/web\/novedades\/solidaridad-con-nicaragua\/\" \/>\n<meta property=\"og:site_name\" content=\"Irene Delgado\" \/>\n<meta property=\"article:published_time\" content=\"2018-06-21T21:29:03+00:00\" \/>\n<meta property=\"article:modified_time\" content=\"2018-06-21T21:33:18+00:00\" \/>\n<meta property=\"og:image\" content=\"https:\/\/irenedelgado.com\/web\/wp-content\/uploads\/2018\/06\/18.jpg\" \/>\n\t<meta property=\"og:image:width\" content=\"921\" \/>\n\t<meta property=\"og:image:height\" content=\"1301\" \/>\n\t<meta property=\"og:image:type\" content=\"image\/jpeg\" \/>\n<meta name=\"twitter:card\" content=\"summary_large_image\" \/>\n<meta name=\"twitter:label1\" content=\"Escrito por\" \/>\n\t<meta name=\"twitter:data1\" content=\"\" \/>\n<script type=\"application\/ld+json\" class=\"yoast-schema-graph\">{\"@context\":\"https:\/\/schema.org\",\"@graph\":[{\"@type\":\"Article\",\"@id\":\"https:\/\/irenedelgado.com\/web\/novedades\/solidaridad-con-nicaragua\/#article\",\"isPartOf\":{\"@id\":\"https:\/\/irenedelgado.com\/web\/novedades\/solidaridad-con-nicaragua\/\"},\"author\":{\"name\":\"\",\"@id\":\"\"},\"headline\":\"Solidaridad con Nicaragua\",\"datePublished\":\"2018-06-21T21:29:03+00:00\",\"dateModified\":\"2018-06-21T21:33:18+00:00\",\"mainEntityOfPage\":{\"@id\":\"https:\/\/irenedelgado.com\/web\/novedades\/solidaridad-con-nicaragua\/\"},\"wordCount\":36,\"image\":{\"@id\":\"https:\/\/irenedelgado.com\/web\/novedades\/solidaridad-con-nicaragua\/#primaryimage\"},\"thumbnailUrl\":\"https:\/\/irenedelgado.com\/web\/wp-content\/uploads\/2018\/06\/18.jpg\",\"articleSection\":[\"Novedades\"],\"inLanguage\":\"es\"},{\"@type\":\"WebPage\",\"@id\":\"https:\/\/irenedelgado.com\/web\/novedades\/solidaridad-con-nicaragua\/\",\"url\":\"https:\/\/irenedelgado.com\/web\/novedades\/solidaridad-con-nicaragua\/\",\"name\":\"Solidaridad con Nicaragua - Irene Delgado\",\"isPartOf\":{\"@id\":\"https:\/\/irenedelgado.com\/web\/#website\"},\"primaryImageOfPage\":{\"@id\":\"https:\/\/irenedelgado.com\/web\/novedades\/solidaridad-con-nicaragua\/#primaryimage\"},\"image\":{\"@id\":\"https:\/\/irenedelgado.com\/web\/novedades\/solidaridad-con-nicaragua\/#primaryimage\"},\"thumbnailUrl\":\"https:\/\/irenedelgado.com\/web\/wp-content\/uploads\/2018\/06\/18.jpg\",\"datePublished\":\"2018-06-21T21:29:03+00:00\",\"dateModified\":\"2018-06-21T21:33:18+00:00\",\"author\":{\"@id\":\"\"},\"breadcrumb\":{\"@id\":\"https:\/\/irenedelgado.com\/web\/novedades\/solidaridad-con-nicaragua\/#breadcrumb\"},\"inLanguage\":\"es\",\"potentialAction\":[{\"@type\":\"ReadAction\",\"target\":[\"https:\/\/irenedelgado.com\/web\/novedades\/solidaridad-con-nicaragua\/\"]}]},{\"@type\":\"ImageObject\",\"inLanguage\":\"es\",\"@id\":\"https:\/\/irenedelgado.com\/web\/novedades\/solidaridad-con-nicaragua\/#primaryimage\",\"url\":\"https:\/\/irenedelgado.com\/web\/wp-content\/uploads\/2018\/06\/18.jpg\",\"contentUrl\":\"https:\/\/irenedelgado.com\/web\/wp-content\/uploads\/2018\/06\/18.jpg\",\"width\":921,\"height\":1301},{\"@type\":\"BreadcrumbList\",\"@id\":\"https:\/\/irenedelgado.com\/web\/novedades\/solidaridad-con-nicaragua\/#breadcrumb\",\"itemListElement\":[{\"@type\":\"ListItem\",\"position\":1,\"name\":\"Portada\",\"item\":\"https:\/\/irenedelgado.com\/web\/\"},{\"@type\":\"ListItem\",\"position\":2,\"name\":\"Solidaridad con Nicaragua\"}]},{\"@type\":\"WebSite\",\"@id\":\"https:\/\/irenedelgado.com\/web\/#website\",\"url\":\"https:\/\/irenedelgado.com\/web\/\",\"name\":\"Irene Delgado\",\"description\":\"\",\"potentialAction\":[{\"@type\":\"SearchAction\",\"target\":{\"@type\":\"EntryPoint\",\"urlTemplate\":\"https:\/\/irenedelgado.com\/web\/?s={search_term_string}\"},\"query-input\":{\"@type\":\"PropertyValueSpecification\",\"valueRequired\":true,\"valueName\":\"search_term_string\"}}],\"inLanguage\":\"es\"},{\"@type\":\"Person\",\"@id\":\"\"}]}<\/script>\n<!-- \/ Yoast SEO plugin. -->","yoast_head_json":{"title":"Solidaridad con Nicaragua - Irene Delgado","robots":{"index":"index","follow":"follow","max-snippet":"max-snippet:-1","max-image-preview":"max-image-preview:large","max-video-preview":"max-video-preview:-1"},"canonical":"https:\/\/irenedelgado.com\/web\/novedades\/solidaridad-con-nicaragua\/","og_locale":"es_ES","og_type":"article","og_title":"Solidaridad con Nicaragua - Irene Delgado","og_description":"Al llegarnos la noticia, por medios de comunicaci\u00f3n tradicionales y medios independientes, sobre los hechos de represi\u00f3n en la hermana Rep\u00fablica de Nicaragua, sostenemos solidaridad con el pueblo nicarag\u00fcense.","og_url":"https:\/\/irenedelgado.com\/web\/novedades\/solidaridad-con-nicaragua\/","og_site_name":"Irene Delgado","article_published_time":"2018-06-21T21:29:03+00:00","article_modified_time":"2018-06-21T21:33:18+00:00","og_image":[{"width":921,"height":1301,"url":"https:\/\/irenedelgado.com\/web\/wp-content\/uploads\/2018\/06\/18.jpg","type":"image\/jpeg"}],"twitter_card":"summary_large_image","twitter_misc":{"Escrito por":""},"schema":{"@context":"https:\/\/schema.org","@graph":[{"@type":"Article","@id":"https:\/\/irenedelgado.com\/web\/novedades\/solidaridad-con-nicaragua\/#article","isPartOf":{"@id":"https:\/\/irenedelgado.com\/web\/novedades\/solidaridad-con-nicaragua\/"},"author":{"name":"","@id":""},"headline":"Solidaridad con Nicaragua","datePublished":"2018-06-21T21:29:03+00:00","dateModified":"2018-06-21T21:33:18+00:00","mainEntityOfPage":{"@id":"https:\/\/irenedelgado.com\/web\/novedades\/solidaridad-con-nicaragua\/"},"wordCount":36,"image":{"@id":"https:\/\/irenedelgado.com\/web\/novedades\/solidaridad-con-nicaragua\/#primaryimage"},"thumbnailUrl":"https:\/\/irenedelgado.com\/web\/wp-content\/uploads\/2018\/06\/18.jpg","articleSection":["Novedades"],"inLanguage":"es"},{"@type":"WebPage","@id":"https:\/\/irenedelgado.com\/web\/novedades\/solidaridad-con-nicaragua\/","url":"https:\/\/irenedelgado.com\/web\/novedades\/solidaridad-con-nicaragua\/","name":"Solidaridad con Nicaragua - Irene Delgado","isPartOf":{"@id":"https:\/\/irenedelgado.com\/web\/#website"},"primaryImageOfPage":{"@id":"https:\/\/irenedelgado.com\/web\/novedades\/solidaridad-con-nicaragua\/#primaryimage"},"image":{"@id":"https:\/\/irenedelgado.com\/web\/novedades\/solidaridad-con-nicaragua\/#primaryimage"},"thumbnailUrl":"https:\/\/irenedelgado.com\/web\/wp-content\/uploads\/2018\/06\/18.jpg","datePublished":"2018-06-21T21:29:03+00:00","dateModified":"2018-06-21T21:33:18+00:00","author":{"@id":""},"breadcrumb":{"@id":"https:\/\/irenedelgado.com\/web\/novedades\/solidaridad-con-nicaragua\/#breadcrumb"},"inLanguage":"es","potentialAction":[{"@type":"ReadAction","target":["https:\/\/irenedelgado.com\/web\/novedades\/solidaridad-con-nicaragua\/"]}]},{"@type":"ImageObject","inLanguage":"es","@id":"https:\/\/irenedelgado.com\/web\/novedades\/solidaridad-con-nicaragua\/#primaryimage","url":"https:\/\/irenedelgado.com\/web\/wp-content\/uploads\/2018\/06\/18.jpg","contentUrl":"https:\/\/irenedelgado.com\/web\/wp-content\/uploads\/2018\/06\/18.jpg","width":921,"height":1301},{"@type":"BreadcrumbList","@id":"https:\/\/irenedelgado.com\/web\/novedades\/solidaridad-con-nicaragua\/#breadcrumb","itemListElement":[{"@type":"ListItem","position":1,"name":"Portada","item":"https:\/\/irenedelgado.com\/web\/"},{"@type":"ListItem","position":2,"name":"Solidaridad con Nicaragua"}]},{"@type":"WebSite","@id":"https:\/\/irenedelgado.com\/web\/#website","url":"https:\/\/irenedelgado.com\/web\/","name":"Irene Delgado","description":"","potentialAction":[{"@type":"SearchAction","target":{"@type":"EntryPoint","urlTemplate":"https:\/\/irenedelgado.com\/web\/?s={search_term_string}"},"query-input":{"@type":"PropertyValueSpecification","valueRequired":true,"valueName":"search_term_string"}}],"inLanguage":"es"},{"@type":"Person","@id":""}]}},"_links":{"self":[{"href":"https:\/\/irenedelgado.com\/web\/wp-json\/wp\/v2\/posts\/342","targetHints":{"allow":["GET"]}}],"collection":[{"href":"https:\/\/irenedelgado.com\/web\/wp-json\/wp\/v2\/posts"}],"about":[{"href":"https:\/\/irenedelgado.com\/web\/wp-json\/wp\/v2\/types\/post"}],"author":[{"embeddable":true,"href":"https:\/\/irenedelgado.com\/web\/wp-json\/wp\/v2\/users\/2"}],"replies":[{"embeddable":true,"href":"https:\/\/irenedelgado.com\/web\/wp-json\/wp\/v2\/comments?post=342"}],"version-history":[{"count":4,"href":"https:\/\/irenedelgado.com\/web\/wp-json\/wp\/v2\/posts\/342\/revisions"}],"predecessor-version":[{"id":347,"href":"https:\/\/irenedelgado.com\/web\/wp-json\/wp\/v2\/posts\/342\/revisions\/347"}],"wp:featuredmedia":[{"embeddable":true,"href":"https:\/\/irenedelgado.com\/web\/wp-json\/wp\/v2\/media\/343"}],"wp:attachment":[{"href":"https:\/\/irenedelgado.com\/web\/wp-json\/wp\/v2\/media?parent=342"}],"wp:term":[{"taxonomy":"category","embeddable":true,"href":"https:\/\/irenedelgado.com\/web\/wp-json\/wp\/v2\/categories?post=342"},{"taxonomy":"post_tag","embeddable":true,"href":"https:\/\/irenedelgado.com\/web\/wp-json\/wp\/v2\/tags?post=342"}],"curies":[{"name":"wp","href":"https:\/\/api.w.org\/{rel}","templated":true}]}}